{"id":16762,"date":"2023-07-29T14:52:57","date_gmt":"2023-07-29T14:52:57","guid":{"rendered":"https:\/\/skin.club\/community\/artikel\/buster-wird-bei-der-iem-koeln-2023-fuer-cloud-9-antreten"},"modified":"2023-07-29T14:52:57","modified_gmt":"2023-07-29T14:52:57","slug":"buster-wird-bei-der-iem-koeln-2023-fuer-cloud-9-antreten","status":"publish","type":"post","link":"https:\/\/community.skin.club\/de\/nachrichten\/buster-wird-bei-der-iem-koeln-2023-fuer-cloud-9-antreten","title":{"rendered":"Buster wird bei der IEM K\u00f6ln 2023 f\u00fcr Cloud 9 antreten"},"content":{"rendered":"<h1 style=\"text-align: center;\"><span style=\"font-weight: 400;\">Buster wird bei der IEM K\u00f6ln 2023 f\u00fcr Cloud 9 antreten<\/span><\/h1>\n<p><span style=\"font-weight: 400;\">Timur \u201e<\/span><a href=\"https:\/\/www.cybersport.ru\/players\/cs-go\/busterjkee6950\"><span style=\"font-weight: 400;\">Buster<\/span><\/a><span style=\"font-weight: 400;\">\u201c Tulepov wird erneut unter den Farben von Cloud 9 bei dem Turnier auftreten, wie von der Organisation in den sozialen Medien bekannt gegeben wurde.<\/span><\/p>\n<p><span style=\"font-weight: 400;\">Buster wird als Ersatz f\u00fcr Ax1Le fungieren, der aufgrund technischer St\u00f6rungen nicht rechtzeitig ein Visum f\u00fcr Deutschland erhalten konnte.<\/span><\/p>\n<p><span style=\"font-weight: 400;\">Es wird erwartet, dass Buster w\u00e4hrend der gesamten Gruppenphase am Turnier teilnehmen wird. Und nur wenn Cloud 9 es in die Playoffs schafft, wird er durch Ax1Le ersetzt werden.<\/span><\/p>\n<p>\u00a0<\/p>\n","protected":false},"excerpt":{"rendered":"<p>Buster wird bei der IEM K\u00f6ln 2023 f\u00fcr Cloud 9 antreten Timur \u201eBuster\u201c Tulepov wird erneut unter den Farben von Cloud 9 bei dem Turnier auftreten, wie von der Organisation in den sozialen Medien bekannt gegeben wurde. Buster wird als Ersatz f\u00fcr Ax1Le fungieren, der aufgrund technischer St\u00f6rungen nicht rechtzeitig ein Visum f\u00fcr Deutschland erhalten [&hellip;]<\/p>\n","protected":false},"author":5,"featured_media":15806,"comment_status":"open","ping_status":"open","sticky":false,"template":"","format":"standard","meta":{"_acf_changed":false,"footnotes":""},"categories":[149],"tags":[194],"class_list":["post-16762","post","type-post","status-publish","format-standard","has-post-thumbnail","hentry","category-nachrichten","tag-iem-cologne-2023-de"],"acf":[],"yoast_head":"<!-- This site is optimized with the Yoast SEO plugin v27.4 - https:\/\/yoast.com\/product\/yoast-seo-wordpress\/ -->\n<title>Buster wird bei der IEM K\u00f6ln 2023 f\u00fcr Cloud 9 antreten - CS2 &amp; CS:GO Articles, News, Events | Skin.Club Community<\/title>\n<meta name=\"robots\" content=\"index, follow, max-snippet:-1, max-image-preview:large, max-video-preview:-1\" \/>\n<link rel=\"canonical\" href=\"https:\/\/community.skin.club\/de\/nachrichten\/buster-wird-bei-der-iem-koeln-2023-fuer-cloud-9-antreten\" \/>\n<meta property=\"og:locale\" content=\"de_DE\" \/>\n<meta property=\"og:type\" content=\"article\" \/>\n<meta property=\"og:title\" content=\"Buster wird bei der IEM K\u00f6ln 2023 f\u00fcr Cloud 9 antreten - CS2 &amp; CS:GO Articles, News, Events | Skin.Club Community\" \/>\n<meta property=\"og:description\" content=\"Buster wird bei der IEM K\u00f6ln 2023 f\u00fcr Cloud 9 antreten Timur \u201eBuster\u201c Tulepov wird erneut unter den Farben von Cloud 9 bei dem Turnier auftreten, wie von der Organisation in den sozialen Medien bekannt gegeben wurde. Buster wird als Ersatz f\u00fcr Ax1Le fungieren, der aufgrund technischer St\u00f6rungen nicht rechtzeitig ein Visum f\u00fcr Deutschland erhalten [&hellip;]\" \/>\n<meta property=\"og:url\" content=\"https:\/\/community.skin.club\/de\/nachrichten\/buster-wird-bei-der-iem-koeln-2023-fuer-cloud-9-antreten\" \/>\n<meta property=\"og:site_name\" content=\"CS2 &amp; CS:GO Articles, News, Events | Skin.Club Community\" \/>\n<meta property=\"article:published_time\" content=\"2023-07-29T14:52:57+00:00\" \/>\n<meta property=\"og:image\" content=\"http:\/\/community.skin.club\/wp-content\/uploads\/2023\/07\/news7.jpg\" \/>\n\t<meta property=\"og:image:width\" content=\"1920\" \/>\n\t<meta property=\"og:image:height\" content=\"1080\" \/>\n\t<meta property=\"og:image:type\" content=\"image\/jpeg\" \/>\n<meta name=\"author\" content=\"Emma Moore\" \/>\n<meta name=\"twitter:card\" content=\"summary_large_image\" \/>\n<meta name=\"twitter:label1\" content=\"Verfasst von\" \/>\n\t<meta name=\"twitter:data1\" content=\"Emma Moore\" \/>\n<script type=\"application\/ld+json\" class=\"yoast-schema-graph\">{\"@context\":\"https:\\\/\\\/schema.org\",\"@graph\":[{\"@type\":\"Article\",\"@id\":\"https:\\\/\\\/community.skin.club\\\/de\\\/nachrichten\\\/buster-wird-bei-der-iem-koeln-2023-fuer-cloud-9-antreten#article\",\"isPartOf\":{\"@id\":\"https:\\\/\\\/community.skin.club\\\/de\\\/nachrichten\\\/buster-wird-bei-der-iem-koeln-2023-fuer-cloud-9-antreten\"},\"author\":{\"name\":\"Emma Moore\",\"@id\":\"https:\\\/\\\/community.skin.club\\\/de#\\\/schema\\\/person\\\/7c4048de3edcf50399b6c03aa0db036b\"},\"headline\":\"Buster wird bei der IEM K\u00f6ln 2023 f\u00fcr Cloud 9 antreten\",\"datePublished\":\"2023-07-29T14:52:57+00:00\",\"mainEntityOfPage\":{\"@id\":\"https:\\\/\\\/community.skin.club\\\/de\\\/nachrichten\\\/buster-wird-bei-der-iem-koeln-2023-fuer-cloud-9-antreten\"},\"wordCount\":101,\"commentCount\":0,\"publisher\":{\"@id\":\"https:\\\/\\\/community.skin.club\\\/de#organization\"},\"image\":{\"@id\":\"https:\\\/\\\/community.skin.club\\\/de\\\/nachrichten\\\/buster-wird-bei-der-iem-koeln-2023-fuer-cloud-9-antreten#primaryimage\"},\"thumbnailUrl\":\"https:\\\/\\\/community.skin.club\\\/wp-content\\\/uploads\\\/2023\\\/07\\\/news7.jpg\",\"keywords\":[\"IEM COLOGNE 2023\"],\"articleSection\":[\"Nachrichten\"],\"inLanguage\":\"de\",\"copyrightYear\":\"2023\",\"copyrightHolder\":{\"@id\":\"https:\\\/\\\/community.skin.club\\\/#organization\"},\"dateModified\":\"2023-07-29T14:52:57+00:00\"},{\"@type\":\"WebPage\",\"@id\":\"https:\\\/\\\/community.skin.club\\\/de\\\/nachrichten\\\/buster-wird-bei-der-iem-koeln-2023-fuer-cloud-9-antreten\",\"url\":\"https:\\\/\\\/community.skin.club\\\/de\\\/nachrichten\\\/buster-wird-bei-der-iem-koeln-2023-fuer-cloud-9-antreten\",\"name\":\"Buster wird bei der IEM K\u00f6ln 2023 f\u00fcr Cloud 9 antreten - CS2 &amp; CS:GO Articles, News, Events | Skin.Club Community\",\"isPartOf\":{\"@id\":\"https:\\\/\\\/community.skin.club\\\/de#website\"},\"primaryImageOfPage\":{\"@id\":\"https:\\\/\\\/community.skin.club\\\/de\\\/nachrichten\\\/buster-wird-bei-der-iem-koeln-2023-fuer-cloud-9-antreten#primaryimage\"},\"image\":{\"@id\":\"https:\\\/\\\/community.skin.club\\\/de\\\/nachrichten\\\/buster-wird-bei-der-iem-koeln-2023-fuer-cloud-9-antreten#primaryimage\"},\"thumbnailUrl\":\"https:\\\/\\\/community.skin.club\\\/wp-content\\\/uploads\\\/2023\\\/07\\\/news7.jpg\",\"datePublished\":\"2023-07-29T14:52:57+00:00\",\"breadcrumb\":{\"@id\":\"https:\\\/\\\/community.skin.club\\\/de\\\/nachrichten\\\/buster-wird-bei-der-iem-koeln-2023-fuer-cloud-9-antreten#breadcrumb\"},\"inLanguage\":\"de\",\"potentialAction\":[{\"@type\":\"ReadAction\",\"target\":[\"https:\\\/\\\/community.skin.club\\\/de\\\/nachrichten\\\/buster-wird-bei-der-iem-koeln-2023-fuer-cloud-9-antreten\"]}],\"dateModified\":\"2023-07-29T14:52:57+00:00\"},{\"@type\":\"ImageObject\",\"inLanguage\":\"de\",\"@id\":\"https:\\\/\\\/community.skin.club\\\/de\\\/nachrichten\\\/buster-wird-bei-der-iem-koeln-2023-fuer-cloud-9-antreten#primaryimage\",\"url\":\"https:\\\/\\\/community.skin.club\\\/wp-content\\\/uploads\\\/2023\\\/07\\\/news7.jpg\",\"contentUrl\":\"https:\\\/\\\/community.skin.club\\\/wp-content\\\/uploads\\\/2023\\\/07\\\/news7.jpg\",\"width\":1920,\"height\":1080,\"caption\":\"Buster will compete for Cloud 9\"},{\"@type\":\"BreadcrumbList\",\"@id\":\"https:\\\/\\\/community.skin.club\\\/de\\\/nachrichten\\\/buster-wird-bei-der-iem-koeln-2023-fuer-cloud-9-antreten#breadcrumb\",\"itemListElement\":[{\"@type\":\"ListItem\",\"position\":1,\"name\":\"Community\",\"item\":\"https:\\\/\\\/community.skin.club\\\/de\"},{\"@type\":\"ListItem\",\"position\":2,\"name\":\"Nachrichten\",\"item\":\"https:\\\/\\\/community.skin.club\\\/de\\\/nachrichten\"},{\"@type\":\"ListItem\",\"position\":3,\"name\":\"Buster wird bei der IEM K\u00f6ln 2023 f\u00fcr Cloud 9 antreten\"}]},{\"@type\":\"WebSite\",\"@id\":\"https:\\\/\\\/community.skin.club\\\/de#website\",\"url\":\"https:\\\/\\\/community.skin.club\\\/de\",\"name\":\"Skin.Club Community \u2014 CS2 News, Articles & Events\",\"description\":\"CS2 &amp; CS:GO Articles, News, Events | Skin.Club Community\",\"publisher\":{\"@id\":\"https:\\\/\\\/community.skin.club\\\/de#organization\"},\"alternateName\":\"CS2 Community\",\"potentialAction\":[{\"@type\":\"SearchAction\",\"target\":{\"@type\":\"EntryPoint\",\"urlTemplate\":\"https:\\\/\\\/community.skin.club\\\/de?s={search_term_string}\"},\"query-input\":{\"@type\":\"PropertyValueSpecification\",\"valueRequired\":true,\"valueName\":\"search_term_string\"}}],\"inLanguage\":\"de\"},{\"@type\":\"Organization\",\"@id\":\"https:\\\/\\\/community.skin.club\\\/de#organization\",\"name\":\"SkinClub\",\"url\":\"https:\\\/\\\/community.skin.club\\\/de\",\"logo\":{\"@type\":\"ImageObject\",\"inLanguage\":\"de\",\"@id\":\"https:\\\/\\\/community.skin.club\\\/de#\\\/schema\\\/logo\\\/image\\\/\",\"url\":\"https:\\\/\\\/community.skin.club\\\/wp-content\\\/uploads\\\/2022\\\/07\\\/logo-1-1.png\",\"contentUrl\":\"https:\\\/\\\/community.skin.club\\\/wp-content\\\/uploads\\\/2022\\\/07\\\/logo-1-1.png\",\"width\":512,\"height\":490,\"caption\":\"SkinClub\"},\"image\":{\"@id\":\"https:\\\/\\\/community.skin.club\\\/de#\\\/schema\\\/logo\\\/image\\\/\"}},{\"@type\":\"Person\",\"@id\":\"https:\\\/\\\/community.skin.club\\\/de#\\\/schema\\\/person\\\/7c4048de3edcf50399b6c03aa0db036b\",\"name\":\"Emma Moore\",\"image\":{\"@type\":\"ImageObject\",\"inLanguage\":\"de\",\"@id\":\"https:\\\/\\\/community.skin.club\\\/wp-content\\\/uploads\\\/2025\\\/10\\\/EMMA-MOORE-01.png\",\"url\":\"https:\\\/\\\/community.skin.club\\\/wp-content\\\/uploads\\\/2025\\\/10\\\/EMMA-MOORE-01.png\",\"contentUrl\":\"https:\\\/\\\/community.skin.club\\\/wp-content\\\/uploads\\\/2025\\\/10\\\/EMMA-MOORE-01.png\",\"caption\":\"Emma Moore\"},\"description\":\"An American journalist. She was an editor for popular newspapers and actively follows Counter-Strike matches as a viewer.\",\"url\":\"https:\\\/\\\/community.skin.club\\\/de\\\/members\\\/emma-moore\"}]}<\/script>\n<!-- \/ Yoast SEO plugin. -->","yoast_head_json":{"title":"Buster wird bei der IEM K\u00f6ln 2023 f\u00fcr Cloud 9 antreten - CS2 &amp; CS:GO Articles, News, Events | Skin.Club Community","robots":{"index":"index","follow":"follow","max-snippet":"max-snippet:-1","max-image-preview":"max-image-preview:large","max-video-preview":"max-video-preview:-1"},"canonical":"https:\/\/community.skin.club\/de\/nachrichten\/buster-wird-bei-der-iem-koeln-2023-fuer-cloud-9-antreten","og_locale":"de_DE","og_type":"article","og_title":"Buster wird bei der IEM K\u00f6ln 2023 f\u00fcr Cloud 9 antreten - CS2 &amp; CS:GO Articles, News, Events | Skin.Club Community","og_description":"Buster wird bei der IEM K\u00f6ln 2023 f\u00fcr Cloud 9 antreten Timur \u201eBuster\u201c Tulepov wird erneut unter den Farben von Cloud 9 bei dem Turnier auftreten, wie von der Organisation in den sozialen Medien bekannt gegeben wurde. Buster wird als Ersatz f\u00fcr Ax1Le fungieren, der aufgrund technischer St\u00f6rungen nicht rechtzeitig ein Visum f\u00fcr Deutschland erhalten [&hellip;]","og_url":"https:\/\/community.skin.club\/de\/nachrichten\/buster-wird-bei-der-iem-koeln-2023-fuer-cloud-9-antreten","og_site_name":"CS2 &amp; CS:GO Articles, News, Events | Skin.Club Community","article_published_time":"2023-07-29T14:52:57+00:00","og_image":[{"width":1920,"height":1080,"url":"http:\/\/community.skin.club\/wp-content\/uploads\/2023\/07\/news7.jpg","type":"image\/jpeg"}],"author":"Emma Moore","twitter_card":"summary_large_image","twitter_misc":{"Verfasst von":"Emma Moore"},"schema":{"@context":"https:\/\/schema.org","@graph":[{"@type":"Article","@id":"https:\/\/community.skin.club\/de\/nachrichten\/buster-wird-bei-der-iem-koeln-2023-fuer-cloud-9-antreten#article","isPartOf":{"@id":"https:\/\/community.skin.club\/de\/nachrichten\/buster-wird-bei-der-iem-koeln-2023-fuer-cloud-9-antreten"},"author":{"name":"Emma Moore","@id":"https:\/\/community.skin.club\/de#\/schema\/person\/7c4048de3edcf50399b6c03aa0db036b"},"headline":"Buster wird bei der IEM K\u00f6ln 2023 f\u00fcr Cloud 9 antreten","datePublished":"2023-07-29T14:52:57+00:00","mainEntityOfPage":{"@id":"https:\/\/community.skin.club\/de\/nachrichten\/buster-wird-bei-der-iem-koeln-2023-fuer-cloud-9-antreten"},"wordCount":101,"commentCount":0,"publisher":{"@id":"https:\/\/community.skin.club\/de#organization"},"image":{"@id":"https:\/\/community.skin.club\/de\/nachrichten\/buster-wird-bei-der-iem-koeln-2023-fuer-cloud-9-antreten#primaryimage"},"thumbnailUrl":"https:\/\/community.skin.club\/wp-content\/uploads\/2023\/07\/news7.jpg","keywords":["IEM COLOGNE 2023"],"articleSection":["Nachrichten"],"inLanguage":"de","copyrightYear":"2023","copyrightHolder":{"@id":"https:\/\/community.skin.club\/#organization"},"dateModified":"2023-07-29T14:52:57+00:00"},{"@type":"WebPage","@id":"https:\/\/community.skin.club\/de\/nachrichten\/buster-wird-bei-der-iem-koeln-2023-fuer-cloud-9-antreten","url":"https:\/\/community.skin.club\/de\/nachrichten\/buster-wird-bei-der-iem-koeln-2023-fuer-cloud-9-antreten","name":"Buster wird bei der IEM K\u00f6ln 2023 f\u00fcr Cloud 9 antreten - CS2 &amp; CS:GO Articles, News, Events | Skin.Club Community","isPartOf":{"@id":"https:\/\/community.skin.club\/de#website"},"primaryImageOfPage":{"@id":"https:\/\/community.skin.club\/de\/nachrichten\/buster-wird-bei-der-iem-koeln-2023-fuer-cloud-9-antreten#primaryimage"},"image":{"@id":"https:\/\/community.skin.club\/de\/nachrichten\/buster-wird-bei-der-iem-koeln-2023-fuer-cloud-9-antreten#primaryimage"},"thumbnailUrl":"https:\/\/community.skin.club\/wp-content\/uploads\/2023\/07\/news7.jpg","datePublished":"2023-07-29T14:52:57+00:00","breadcrumb":{"@id":"https:\/\/community.skin.club\/de\/nachrichten\/buster-wird-bei-der-iem-koeln-2023-fuer-cloud-9-antreten#breadcrumb"},"inLanguage":"de","potentialAction":[{"@type":"ReadAction","target":["https:\/\/community.skin.club\/de\/nachrichten\/buster-wird-bei-der-iem-koeln-2023-fuer-cloud-9-antreten"]}],"dateModified":"2023-07-29T14:52:57+00:00"},{"@type":"ImageObject","inLanguage":"de","@id":"https:\/\/community.skin.club\/de\/nachrichten\/buster-wird-bei-der-iem-koeln-2023-fuer-cloud-9-antreten#primaryimage","url":"https:\/\/community.skin.club\/wp-content\/uploads\/2023\/07\/news7.jpg","contentUrl":"https:\/\/community.skin.club\/wp-content\/uploads\/2023\/07\/news7.jpg","width":1920,"height":1080,"caption":"Buster will compete for Cloud 9"},{"@type":"BreadcrumbList","@id":"https:\/\/community.skin.club\/de\/nachrichten\/buster-wird-bei-der-iem-koeln-2023-fuer-cloud-9-antreten#breadcrumb","itemListElement":[{"@type":"ListItem","position":1,"name":"Community","item":"https:\/\/community.skin.club\/de"},{"@type":"ListItem","position":2,"name":"Nachrichten","item":"https:\/\/community.skin.club\/de\/nachrichten"},{"@type":"ListItem","position":3,"name":"Buster wird bei der IEM K\u00f6ln 2023 f\u00fcr Cloud 9 antreten"}]},{"@type":"WebSite","@id":"https:\/\/community.skin.club\/de#website","url":"https:\/\/community.skin.club\/de","name":"Skin.Club Community \u2014 CS2 News, Articles & Events","description":"CS2 &amp; CS:GO Articles, News, Events | Skin.Club Community","publisher":{"@id":"https:\/\/community.skin.club\/de#organization"},"alternateName":"CS2 Community","potentialAction":[{"@type":"SearchAction","target":{"@type":"EntryPoint","urlTemplate":"https:\/\/community.skin.club\/de?s={search_term_string}"},"query-input":{"@type":"PropertyValueSpecification","valueRequired":true,"valueName":"search_term_string"}}],"inLanguage":"de"},{"@type":"Organization","@id":"https:\/\/community.skin.club\/de#organization","name":"SkinClub","url":"https:\/\/community.skin.club\/de","logo":{"@type":"ImageObject","inLanguage":"de","@id":"https:\/\/community.skin.club\/de#\/schema\/logo\/image\/","url":"https:\/\/community.skin.club\/wp-content\/uploads\/2022\/07\/logo-1-1.png","contentUrl":"https:\/\/community.skin.club\/wp-content\/uploads\/2022\/07\/logo-1-1.png","width":512,"height":490,"caption":"SkinClub"},"image":{"@id":"https:\/\/community.skin.club\/de#\/schema\/logo\/image\/"}},{"@type":"Person","@id":"https:\/\/community.skin.club\/de#\/schema\/person\/7c4048de3edcf50399b6c03aa0db036b","name":"Emma Moore","image":{"@type":"ImageObject","inLanguage":"de","@id":"https:\/\/community.skin.club\/wp-content\/uploads\/2025\/10\/EMMA-MOORE-01.png","url":"https:\/\/community.skin.club\/wp-content\/uploads\/2025\/10\/EMMA-MOORE-01.png","contentUrl":"https:\/\/community.skin.club\/wp-content\/uploads\/2025\/10\/EMMA-MOORE-01.png","caption":"Emma Moore"},"description":"An American journalist. She was an editor for popular newspapers and actively follows Counter-Strike matches as a viewer.","url":"https:\/\/community.skin.club\/de\/members\/emma-moore"}]}},"_links":{"self":[{"href":"https:\/\/community.skin.club\/de\/wp-json\/wp\/v2\/posts\/16762","targetHints":{"allow":["GET"]}}],"collection":[{"href":"https:\/\/community.skin.club\/de\/wp-json\/wp\/v2\/posts"}],"about":[{"href":"https:\/\/community.skin.club\/de\/wp-json\/wp\/v2\/types\/post"}],"author":[{"embeddable":true,"href":"https:\/\/community.skin.club\/de\/wp-json\/wp\/v2\/users\/5"}],"replies":[{"embeddable":true,"href":"https:\/\/community.skin.club\/de\/wp-json\/wp\/v2\/comments?post=16762"}],"version-history":[{"count":0,"href":"https:\/\/community.skin.club\/de\/wp-json\/wp\/v2\/posts\/16762\/revisions"}],"wp:featuredmedia":[{"embeddable":true,"href":"https:\/\/community.skin.club\/de\/wp-json\/wp\/v2\/media\/15806"}],"wp:attachment":[{"href":"https:\/\/community.skin.club\/de\/wp-json\/wp\/v2\/media?parent=16762"}],"wp:term":[{"taxonomy":"category","embeddable":true,"href":"https:\/\/community.skin.club\/de\/wp-json\/wp\/v2\/categories?post=16762"},{"taxonomy":"post_tag","embeddable":true,"href":"https:\/\/community.skin.club\/de\/wp-json\/wp\/v2\/tags?post=16762"}],"curies":[{"name":"wp","href":"https:\/\/api.w.org\/{rel}","templated":true}]}}