{"id":370817,"date":"2026-03-14T14:35:07","date_gmt":"2026-03-14T14:35:07","guid":{"rendered":"https:\/\/community.skin.club\/articulos\/inner-circle-sign-headtr1ck-cs2-roster-move"},"modified":"2026-03-14T14:35:07","modified_gmt":"2026-03-14T14:35:07","slug":"inner-circle-sign-headtr1ck-cs2-roster-move","status":"publish","type":"post","link":"https:\/\/community.skin.club\/es\/noticias-es\/inner-circle-sign-headtr1ck-cs2-roster-move","title":{"rendered":"Vuelve a la acci\u00f3n mientras Inner Circle revela un nuevo movimiento en la plantilla"},"content":{"rendered":"<p>El AWPer ucraniano Daniil \u00abheadtr1ck\u00bb Valitov ha regresado oficialmente a la competici\u00f3n activa tras unirse a Inner Circle tras una ausencia de tres meses del servidor. La organizaci\u00f3n confirm\u00f3 la firma en redes sociales, anunciando que headtr1ck ocupar\u00e1 el puesto que antes ocupaba Artem \u00abFlierax\u00bb Khioara, quien fue trasladado al banquillo a principios de marzo. <\/p>\n<h3>Regreso tras un periodo de ausencia<\/h3>\n<p><img loading=\"lazy\" decoding=\"async\" class=\"alignnone size-full wp-image-180251\" src=\"https:\/\/community.skin.club\/wp-content\/uploads\/2025\/06\/Headtr1ck_at_IEM_Rio_2023.webp\" alt=\"\" width=\"1200\" height=\"800\" srcset=\"https:\/\/community.skin.club\/wp-content\/uploads\/2025\/06\/Headtr1ck_at_IEM_Rio_2023.webp 1200w, https:\/\/community.skin.club\/wp-content\/uploads\/2025\/06\/Headtr1ck_at_IEM_Rio_2023-300x200.webp 300w, https:\/\/community.skin.club\/wp-content\/uploads\/2025\/06\/Headtr1ck_at_IEM_Rio_2023-1024x683.webp 1024w, https:\/\/community.skin.club\/wp-content\/uploads\/2025\/06\/Headtr1ck_at_IEM_Rio_2023-768x512.webp 768w\" sizes=\"(max-width: 1200px) 100vw, 1200px\" \/><\/p>\n<p>Para el francotirador de 21 a\u00f1os, esta jugada marca el regreso al juego competitivo tras un periodo dif\u00edcil. Durante los \u00faltimos tres meses, headtr1ck hab\u00eda estado sentado en el banquillo de B8 antes de dejar oficialmente el equipo a principios de marzo. A pesar de la inactividad, el jugador ucraniano registr\u00f3 n\u00fameros respetables durante 2025. Termin\u00f3 el a\u00f1o con una media de 1,05, aunque su rendimiento baj\u00f3 notablemente con el tiempo.   <\/p>\n<ul class=\"article-list-pink\">\n<li class=\"article-list-pink__item\">1,12 en la primera mitad del a\u00f1o<\/li>\n<li class=\"article-list-pink__item\">0,94 en la segunda mitad<\/li>\n<\/ul>\n<p>El declive en la forma durante la \u00faltima parte de la temporada contribuy\u00f3 finalmente a su retirada de la plantilla activa.<\/p>\n\n<div class=\"article__content grid-cards-col xl-w-100\">\n    <h3>leer m\u00e1s<\/h3>\n    <div class=\"grid-1 gap-12 mb-12 load-parent xl-w-100\">\n        <div class=\"type3 y-red-dif hover-card card-more\">\n        <a class=\"type3__left up-to-card hover-el\" href=\"https:\/\/community.skin.club\/en\/news\/texta-banned-dfrag-lan-fight\">\n        <div class=\"bg-bottom-abs-short\"> <\/div>\n        <picture class=\"picture object-fit-cover\">\n            <img decoding=\"async\" class=\"picture__img object-fit-cover\" src=\"https:\/\/community.skin.club\/wp-content\/uploads\/2026\/03\/Texta_at_ESL_Pro_League_S21.webp\" alt=\"Mindfreak player Texta banned for six months after LAN fight at DFRAG event\">\n        <\/picture>\n    <\/a>\n        <div class=\"type3__right main-structure p-20\">\n        <div class=\"type3__top\">\n            <a class=\"type3__title title-24 hover-el\" href=\"https:\/\/community.skin.club\/en\/news\/texta-banned-dfrag-lan-fight\">Mindfreak player Texta banned for six months after LAN fight at DFRAG event<\/a>\n            <a class=\"go-arrow hover-el\" href=\"https:\/\/community.skin.club\/en\/news\/texta-banned-dfrag-lan-fight\">\n                <div class=\"go-arrow__left go-arrow__part\">\n                    <svg class=\"icon\" width=\"24\" height=\"24\" viewBox=\"0 0 24 24\">\n                        <use xlink:href=\"https:\/\/community.skin.club\/wp-content\/themes\/skinclub-v3\/assets\/images\/sprites\/main.stack.svg?v=1777458943#image-blue-arrow\"><\/use>\n                    <\/svg>\n                <\/div>\n                <div class=\"go-arrow__center go-arrow__part\">\n                    <svg class=\"icon\" width=\"24\" height=\"24\" viewBox=\"0 0 24 24\">\n                        <use xlink:href=\"https:\/\/community.skin.club\/wp-content\/themes\/skinclub-v3\/assets\/images\/sprites\/main.stack.svg?v=1777458943#image-blue-arrow\"><\/use>\n                    <\/svg>\n                <\/div>\n                <div class=\"go-arrow__right go-arrow__part\">\n                    <svg class=\"icon\" width=\"24\" height=\"24\" viewBox=\"0 0 24 24\">\n                        <use xlink:href=\"https:\/\/community.skin.club\/wp-content\/themes\/skinclub-v3\/assets\/images\/sprites\/main.stack.svg?v=1777458943#image-blue-arrow\"><\/use>\n                    <\/svg>\n                <\/div>\n            <\/a><\/div>\n        <div class=\"type3__bottom blue-labels mt-auto\">\n            <div class=\"blue-label disabled\">mar 14<\/div>\n            <a class=\"blue-label\" href=\"https:\/\/community.skin.club\/en\/news\">News<\/a>        <\/div>\n    <\/div>\n<\/div>    <\/div>\n<\/div>\n<h3>C\u00edrculo Interno buscando mejorar los resultados<\/h3>\n<p>Para Inner Circle, la contrataci\u00f3n podr\u00eda representar un intento de estabilizar sus actuaciones tras una serie de decepcionantes carreras en los playoffs. El equipo logr\u00f3 llegar a los playoffs en varios eventos recientes, pero fue eliminado en la primera ronda en tres de sus \u00faltimos cuatro torneos. <\/p>\n<p>Se espera que a\u00f1adir un AWPer experimentado como headtr1ck aporte m\u00e1s potencia de fuego y estabilidad a la plantilla, especialmente en rondas de alta presi\u00f3n donde un fuerte impacto en el AWP suele decidir el resultado de los combates. Poco despu\u00e9s del anuncio, headtr1ck tambi\u00e9n comparti\u00f3 un mensaje en redes sociales: <\/p>\n<blockquote class=\"custom-bq\"><div class=\"custom-bq-q\"><p>Unirse al C\u00edrculo Interno. Realmente conf\u00edo en este proyecto y estoy seguro de que todo est\u00e1 en nuestras manos. Me alegra estar aqu\u00ed \u2014 gracias a todos los que me apoyaron.  <\/p><\/div><\/blockquote>\n<h3>Se espera su debut en CCT Temporada 3 Europe Series 18<\/h3>\n<p><img loading=\"lazy\" decoding=\"async\" class=\"alignnone size-full wp-image-252063\" src=\"https:\/\/community.skin.club\/wp-content\/uploads\/2025\/09\/Headtr1ck_at_BLAST_Austin_Major_2025.jpg\" alt=\"\" width=\"876\" height=\"584\" srcset=\"https:\/\/community.skin.club\/wp-content\/uploads\/2025\/09\/Headtr1ck_at_BLAST_Austin_Major_2025.jpg 876w, https:\/\/community.skin.club\/wp-content\/uploads\/2025\/09\/Headtr1ck_at_BLAST_Austin_Major_2025-300x200.jpg 300w, https:\/\/community.skin.club\/wp-content\/uploads\/2025\/09\/Headtr1ck_at_BLAST_Austin_Major_2025-768x512.jpg 768w\" sizes=\"(max-width: 876px) 100vw, 876px\" \/><\/p>\n<p>Se espera que la primera aparici\u00f3n oficial de Headtr1ck con el equipo tenga lugar en la Temporada 3 de la Serie 18 de la Temporada 3 de CCT, donde Inner Circle ha recibido una invitaci\u00f3n directa a la fase de playoffs. El torneo ser\u00e1 la primera prueba real para la alineaci\u00f3n actualizada y mostrar\u00e1 lo r\u00e1pido que el AWPer ucraniano puede integrarse en el sistema del equipo. <\/p>\n<h3>Plantilla del C\u00edrculo Interno<\/h3>\n<p>Tras la fija, la alineaci\u00f3n de Inner Circle en Counter-Strike 2 ahora est\u00e1 compuesta por:<\/p>\n<ul class=\"article-list-pink\">\n<li class=\"article-list-pink__item\">Viktor \u00abonic\u00bb Babii<\/li>\n<li class=\"article-list-pink__item\">David \u00abDawy\u00bb Bibik<\/li>\n<li class=\"article-list-pink__item\">Arseniy \u00abcptkurtka023\u00bb Derevinskiy<\/li>\n<li class=\"article-list-pink__item\">Eduard \u00abzeRRoFIX\u00bb Petrovskyi<\/li>\n<li class=\"article-list-pink__item\">Daniil \u00abheadtr1ck\u00bb Valitov<\/li>\n<\/ul>\n<p>Entrenador:<\/p>\n<ul class=\"article-list-pink\">\n<li class=\"article-list-pink__item\">Dmytro \u00abjR\u00bb Chervak<\/li>\n<\/ul>\n\n<div class=\"article__content grid-cards-col xl-w-100\">\n    <h3>leer m\u00e1s<\/h3>\n    <div class=\"grid-1 gap-12 mb-12 load-parent xl-w-100\">\n        <div class=\"type3 y-red-dif hover-card card-more\">\n        <a class=\"type3__left up-to-card hover-el\" href=\"https:\/\/community.skin.club\/en\/news\/cs2-blackbook-gloves-ohnepixel-reaction\">\n        <div class=\"bg-bottom-abs-short\"> <\/div>\n        <picture class=\"picture object-fit-cover\">\n            <img decoding=\"async\" class=\"picture__img object-fit-cover\" src=\"https:\/\/community.skin.club\/wp-content\/uploads\/2026\/03\/PHOTO-02-7.webp\" alt=\"CS2 Blackbook gloves go viral after ohnePixel discovers \u00abdouble d*ck\u00bb pattern\">\n        <\/picture>\n    <\/a>\n        <div class=\"type3__right main-structure p-20\">\n        <div class=\"type3__top\">\n            <a class=\"type3__title title-24 hover-el\" href=\"https:\/\/community.skin.club\/en\/news\/cs2-blackbook-gloves-ohnepixel-reaction\">CS2 Blackbook gloves go viral after ohnePixel discovers \u00abdouble d*ck\u00bb pattern<\/a>\n            <a class=\"go-arrow hover-el\" href=\"https:\/\/community.skin.club\/en\/news\/cs2-blackbook-gloves-ohnepixel-reaction\">\n                <div class=\"go-arrow__left go-arrow__part\">\n                    <svg class=\"icon\" width=\"24\" height=\"24\" viewBox=\"0 0 24 24\">\n                        <use xlink:href=\"https:\/\/community.skin.club\/wp-content\/themes\/skinclub-v3\/assets\/images\/sprites\/main.stack.svg?v=1777458943#image-blue-arrow\"><\/use>\n                    <\/svg>\n                <\/div>\n                <div class=\"go-arrow__center go-arrow__part\">\n                    <svg class=\"icon\" width=\"24\" height=\"24\" viewBox=\"0 0 24 24\">\n                        <use xlink:href=\"https:\/\/community.skin.club\/wp-content\/themes\/skinclub-v3\/assets\/images\/sprites\/main.stack.svg?v=1777458943#image-blue-arrow\"><\/use>\n                    <\/svg>\n                <\/div>\n                <div class=\"go-arrow__right go-arrow__part\">\n                    <svg class=\"icon\" width=\"24\" height=\"24\" viewBox=\"0 0 24 24\">\n                        <use xlink:href=\"https:\/\/community.skin.club\/wp-content\/themes\/skinclub-v3\/assets\/images\/sprites\/main.stack.svg?v=1777458943#image-blue-arrow\"><\/use>\n                    <\/svg>\n                <\/div>\n            <\/a><\/div>\n        <div class=\"type3__bottom blue-labels mt-auto\">\n            <div class=\"blue-label disabled\">mar 14<\/div>\n            <a class=\"blue-label\" href=\"https:\/\/community.skin.club\/en\/news\">News<\/a>        <\/div>\n    <\/div>\n<\/div>    <\/div>\n<\/div>\n<h3>Una nueva oportunidad para la cabeza<\/h3>\n<p>Este movimiento representa una oportunidad importante para que headtr1ck reanude su trayectoria profesional. Con solo 21 a\u00f1os, sigue siendo uno de los AWPers ucranianos m\u00e1s prometedores, y sus s\u00f3lidas actuaciones con Inner Circle podr\u00edan ayudarle a reafirmarse en la escena internacional de Counter-Strike. <\/p>\n","protected":false},"excerpt":{"rendered":"<p>El AWPer ucraniano Daniil \u00abheadtr1ck\u00bb Valitov ha regresado oficialmente a la competici\u00f3n activa tras unirse a Inner Circle tras una ausencia de tres meses del servidor. La organizaci\u00f3n confirm\u00f3 la firma en redes sociales, anunciando que headtr1ck ocupar\u00e1 el puesto que antes ocupaba Artem \u00abFlierax\u00bb Khioara, quien fue trasladado al banquillo a principios de marzo. [&hellip;]<\/p>\n","protected":false},"author":34,"featured_media":370736,"comment_status":"closed","ping_status":"closed","sticky":false,"template":"","format":"standard","meta":{"_acf_changed":false,"footnotes":""},"categories":[153],"tags":[2507,2506],"class_list":["post-370817","post","type-post","status-publish","format-standard","has-post-thumbnail","hentry","category-noticias-es","tag-cabeza-tr1ck","tag-circulo-interno"],"acf":[],"yoast_head":"<!-- This site is optimized with the Yoast SEO plugin v27.4 - https:\/\/yoast.com\/product\/yoast-seo-wordpress\/ -->\n<title>Inner Circle firma con el regreso del AWPer ucraniano a la competici\u00f3n<\/title>\n<meta name=\"description\" content=\"C\u00edrculo Interior firman al AWPer ucraniano tras tres meses inactivo. Se espera que debute en CCT Temporada 3 Europa.\" \/>\n<meta name=\"robots\" content=\"index, follow, max-snippet:-1, max-image-preview:large, max-video-preview:-1\" \/>\n<link rel=\"canonical\" href=\"https:\/\/community.skin.club\/es\/noticias-es\/inner-circle-sign-headtr1ck-cs2-roster-move\" \/>\n<meta property=\"og:locale\" content=\"es_ES\" \/>\n<meta property=\"og:type\" content=\"article\" \/>\n<meta property=\"og:title\" content=\"Inner Circle firma con el regreso del AWPer ucraniano a la competici\u00f3n\" \/>\n<meta property=\"og:description\" content=\"C\u00edrculo Interior firman al AWPer ucraniano tras tres meses inactivo. Se espera que debute en CCT Temporada 3 Europa.\" \/>\n<meta property=\"og:url\" content=\"https:\/\/community.skin.club\/es\/noticias-es\/inner-circle-sign-headtr1ck-cs2-roster-move\" \/>\n<meta property=\"og:site_name\" content=\"CS2 &amp; CS:GO Articles, News, Events | Skin.Club Community\" \/>\n<meta property=\"article:published_time\" content=\"2026-03-14T14:35:07+00:00\" \/>\n<meta property=\"og:image\" content=\"https:\/\/community.skin.club\/wp-content\/uploads\/2026\/03\/PHOTO-02-1-4.webp\" \/>\n\t<meta property=\"og:image:width\" content=\"1280\" \/>\n\t<meta property=\"og:image:height\" content=\"720\" \/>\n\t<meta property=\"og:image:type\" content=\"image\/webp\" \/>\n<meta name=\"author\" content=\"magic\" \/>\n<meta name=\"twitter:card\" content=\"summary_large_image\" \/>\n<meta name=\"twitter:label1\" content=\"Escrito por\" \/>\n\t<meta name=\"twitter:data1\" content=\"magic\" \/>\n\t<meta name=\"twitter:label2\" content=\"Tiempo de lectura\" \/>\n\t<meta name=\"twitter:data2\" content=\"3 minutos\" \/>\n<script type=\"application\/ld+json\" class=\"yoast-schema-graph\">{\"@context\":\"https:\\\/\\\/schema.org\",\"@graph\":[{\"@type\":\"Article\",\"@id\":\"https:\\\/\\\/community.skin.club\\\/es\\\/noticias-es\\\/inner-circle-sign-headtr1ck-cs2-roster-move#article\",\"isPartOf\":{\"@id\":\"https:\\\/\\\/community.skin.club\\\/es\\\/noticias-es\\\/inner-circle-sign-headtr1ck-cs2-roster-move\"},\"author\":{\"name\":\"magic\",\"@id\":\"https:\\\/\\\/community.skin.club\\\/es#\\\/schema\\\/person\\\/f557fddfc7400fe311b594ed77688366\"},\"headline\":\"Vuelve a la acci\u00f3n mientras Inner Circle revela un nuevo movimiento en la plantilla\",\"datePublished\":\"2026-03-14T14:35:07+00:00\",\"mainEntityOfPage\":{\"@id\":\"https:\\\/\\\/community.skin.club\\\/es\\\/noticias-es\\\/inner-circle-sign-headtr1ck-cs2-roster-move\"},\"wordCount\":536,\"publisher\":{\"@id\":\"https:\\\/\\\/community.skin.club\\\/es#organization\"},\"image\":{\"@id\":\"https:\\\/\\\/community.skin.club\\\/es\\\/noticias-es\\\/inner-circle-sign-headtr1ck-cs2-roster-move#primaryimage\"},\"thumbnailUrl\":\"https:\\\/\\\/community.skin.club\\\/wp-content\\\/uploads\\\/2026\\\/03\\\/PHOTO-02-1-4.webp\",\"keywords\":[\"cabeza tr1ck\",\"C\u00edrculo Interno\"],\"articleSection\":[\"Noticias\"],\"inLanguage\":\"es\",\"copyrightYear\":\"2026\",\"copyrightHolder\":{\"@id\":\"https:\\\/\\\/community.skin.club\\\/#organization\"},\"dateModified\":\"2026-03-14T14:35:07+00:00\"},{\"@type\":\"WebPage\",\"@id\":\"https:\\\/\\\/community.skin.club\\\/es\\\/noticias-es\\\/inner-circle-sign-headtr1ck-cs2-roster-move\",\"url\":\"https:\\\/\\\/community.skin.club\\\/es\\\/noticias-es\\\/inner-circle-sign-headtr1ck-cs2-roster-move\",\"name\":\"Inner Circle firma con el regreso del AWPer ucraniano a la competici\u00f3n\",\"isPartOf\":{\"@id\":\"https:\\\/\\\/community.skin.club\\\/es#website\"},\"primaryImageOfPage\":{\"@id\":\"https:\\\/\\\/community.skin.club\\\/es\\\/noticias-es\\\/inner-circle-sign-headtr1ck-cs2-roster-move#primaryimage\"},\"image\":{\"@id\":\"https:\\\/\\\/community.skin.club\\\/es\\\/noticias-es\\\/inner-circle-sign-headtr1ck-cs2-roster-move#primaryimage\"},\"thumbnailUrl\":\"https:\\\/\\\/community.skin.club\\\/wp-content\\\/uploads\\\/2026\\\/03\\\/PHOTO-02-1-4.webp\",\"datePublished\":\"2026-03-14T14:35:07+00:00\",\"description\":\"C\u00edrculo Interior firman al AWPer ucraniano tras tres meses inactivo. Se espera que debute en CCT Temporada 3 Europa.\",\"breadcrumb\":{\"@id\":\"https:\\\/\\\/community.skin.club\\\/es\\\/noticias-es\\\/inner-circle-sign-headtr1ck-cs2-roster-move#breadcrumb\"},\"inLanguage\":\"es\",\"potentialAction\":[{\"@type\":\"ReadAction\",\"target\":[\"https:\\\/\\\/community.skin.club\\\/es\\\/noticias-es\\\/inner-circle-sign-headtr1ck-cs2-roster-move\"]}],\"dateModified\":\"2026-03-14T14:35:07+00:00\"},{\"@type\":\"ImageObject\",\"inLanguage\":\"es\",\"@id\":\"https:\\\/\\\/community.skin.club\\\/es\\\/noticias-es\\\/inner-circle-sign-headtr1ck-cs2-roster-move#primaryimage\",\"url\":\"https:\\\/\\\/community.skin.club\\\/wp-content\\\/uploads\\\/2026\\\/03\\\/PHOTO-02-1-4.webp\",\"contentUrl\":\"https:\\\/\\\/community.skin.club\\\/wp-content\\\/uploads\\\/2026\\\/03\\\/PHOTO-02-1-4.webp\",\"width\":1280,\"height\":720},{\"@type\":\"BreadcrumbList\",\"@id\":\"https:\\\/\\\/community.skin.club\\\/es\\\/noticias-es\\\/inner-circle-sign-headtr1ck-cs2-roster-move#breadcrumb\",\"itemListElement\":[{\"@type\":\"ListItem\",\"position\":1,\"name\":\"Comunidad\",\"item\":\"https:\\\/\\\/community.skin.club\\\/es\"},{\"@type\":\"ListItem\",\"position\":2,\"name\":\"Noticias\",\"item\":\"https:\\\/\\\/community.skin.club\\\/es\\\/noticias-es\"},{\"@type\":\"ListItem\",\"position\":3,\"name\":\"Vuelve a la acci\u00f3n mientras Inner Circle revela un nuevo movimiento en la plantilla\"}]},{\"@type\":\"WebSite\",\"@id\":\"https:\\\/\\\/community.skin.club\\\/es#website\",\"url\":\"https:\\\/\\\/community.skin.club\\\/es\",\"name\":\"Skin.Club Community \u2014 CS2 News, Articles & Events\",\"description\":\"CS:GO\",\"publisher\":{\"@id\":\"https:\\\/\\\/community.skin.club\\\/es#organization\"},\"alternateName\":\"CS2 Community\",\"potentialAction\":[{\"@type\":\"SearchAction\",\"target\":{\"@type\":\"EntryPoint\",\"urlTemplate\":\"https:\\\/\\\/community.skin.club\\\/es?s={search_term_string}\"},\"query-input\":{\"@type\":\"PropertyValueSpecification\",\"valueRequired\":true,\"valueName\":\"search_term_string\"}}],\"inLanguage\":\"es\"},{\"@type\":\"Organization\",\"@id\":\"https:\\\/\\\/community.skin.club\\\/es#organization\",\"name\":\"SkinClub\",\"url\":\"https:\\\/\\\/community.skin.club\\\/es\",\"logo\":{\"@type\":\"ImageObject\",\"inLanguage\":\"es\",\"@id\":\"https:\\\/\\\/community.skin.club\\\/es#\\\/schema\\\/logo\\\/image\\\/\",\"url\":\"https:\\\/\\\/community.skin.club\\\/wp-content\\\/uploads\\\/2022\\\/07\\\/logo-1-1.png\",\"contentUrl\":\"https:\\\/\\\/community.skin.club\\\/wp-content\\\/uploads\\\/2022\\\/07\\\/logo-1-1.png\",\"width\":512,\"height\":490,\"caption\":\"SkinClub\"},\"image\":{\"@id\":\"https:\\\/\\\/community.skin.club\\\/es#\\\/schema\\\/logo\\\/image\\\/\"}},{\"@type\":\"Person\",\"@id\":\"https:\\\/\\\/community.skin.club\\\/es#\\\/schema\\\/person\\\/f557fddfc7400fe311b594ed77688366\",\"name\":\"magic\",\"image\":{\"@type\":\"ImageObject\",\"inLanguage\":\"es\",\"@id\":\"https:\\\/\\\/community.skin.club\\\/wp-content\\\/uploads\\\/2025\\\/10\\\/MAGIC-01.png\",\"url\":\"https:\\\/\\\/community.skin.club\\\/wp-content\\\/uploads\\\/2025\\\/10\\\/MAGIC-01.png\",\"contentUrl\":\"https:\\\/\\\/community.skin.club\\\/wp-content\\\/uploads\\\/2025\\\/10\\\/MAGIC-01.png\",\"caption\":\"magic\"},\"url\":\"https:\\\/\\\/community.skin.club\\\/es\\\/members\\\/magic\"}]}<\/script>\n<!-- \/ Yoast SEO plugin. -->","yoast_head_json":{"title":"Inner Circle firma con el regreso del AWPer ucraniano a la competici\u00f3n","description":"C\u00edrculo Interior firman al AWPer ucraniano tras tres meses inactivo. Se espera que debute en CCT Temporada 3 Europa.","robots":{"index":"index","follow":"follow","max-snippet":"max-snippet:-1","max-image-preview":"max-image-preview:large","max-video-preview":"max-video-preview:-1"},"canonical":"https:\/\/community.skin.club\/es\/noticias-es\/inner-circle-sign-headtr1ck-cs2-roster-move","og_locale":"es_ES","og_type":"article","og_title":"Inner Circle firma con el regreso del AWPer ucraniano a la competici\u00f3n","og_description":"C\u00edrculo Interior firman al AWPer ucraniano tras tres meses inactivo. Se espera que debute en CCT Temporada 3 Europa.","og_url":"https:\/\/community.skin.club\/es\/noticias-es\/inner-circle-sign-headtr1ck-cs2-roster-move","og_site_name":"CS2 &amp; CS:GO Articles, News, Events | Skin.Club Community","article_published_time":"2026-03-14T14:35:07+00:00","og_image":[{"width":1280,"height":720,"url":"https:\/\/community.skin.club\/wp-content\/uploads\/2026\/03\/PHOTO-02-1-4.webp","type":"image\/webp"}],"author":"magic","twitter_card":"summary_large_image","twitter_misc":{"Escrito por":"magic","Tiempo de lectura":"3 minutos"},"schema":{"@context":"https:\/\/schema.org","@graph":[{"@type":"Article","@id":"https:\/\/community.skin.club\/es\/noticias-es\/inner-circle-sign-headtr1ck-cs2-roster-move#article","isPartOf":{"@id":"https:\/\/community.skin.club\/es\/noticias-es\/inner-circle-sign-headtr1ck-cs2-roster-move"},"author":{"name":"magic","@id":"https:\/\/community.skin.club\/es#\/schema\/person\/f557fddfc7400fe311b594ed77688366"},"headline":"Vuelve a la acci\u00f3n mientras Inner Circle revela un nuevo movimiento en la plantilla","datePublished":"2026-03-14T14:35:07+00:00","mainEntityOfPage":{"@id":"https:\/\/community.skin.club\/es\/noticias-es\/inner-circle-sign-headtr1ck-cs2-roster-move"},"wordCount":536,"publisher":{"@id":"https:\/\/community.skin.club\/es#organization"},"image":{"@id":"https:\/\/community.skin.club\/es\/noticias-es\/inner-circle-sign-headtr1ck-cs2-roster-move#primaryimage"},"thumbnailUrl":"https:\/\/community.skin.club\/wp-content\/uploads\/2026\/03\/PHOTO-02-1-4.webp","keywords":["cabeza tr1ck","C\u00edrculo Interno"],"articleSection":["Noticias"],"inLanguage":"es","copyrightYear":"2026","copyrightHolder":{"@id":"https:\/\/community.skin.club\/#organization"},"dateModified":"2026-03-14T14:35:07+00:00"},{"@type":"WebPage","@id":"https:\/\/community.skin.club\/es\/noticias-es\/inner-circle-sign-headtr1ck-cs2-roster-move","url":"https:\/\/community.skin.club\/es\/noticias-es\/inner-circle-sign-headtr1ck-cs2-roster-move","name":"Inner Circle firma con el regreso del AWPer ucraniano a la competici\u00f3n","isPartOf":{"@id":"https:\/\/community.skin.club\/es#website"},"primaryImageOfPage":{"@id":"https:\/\/community.skin.club\/es\/noticias-es\/inner-circle-sign-headtr1ck-cs2-roster-move#primaryimage"},"image":{"@id":"https:\/\/community.skin.club\/es\/noticias-es\/inner-circle-sign-headtr1ck-cs2-roster-move#primaryimage"},"thumbnailUrl":"https:\/\/community.skin.club\/wp-content\/uploads\/2026\/03\/PHOTO-02-1-4.webp","datePublished":"2026-03-14T14:35:07+00:00","description":"C\u00edrculo Interior firman al AWPer ucraniano tras tres meses inactivo. Se espera que debute en CCT Temporada 3 Europa.","breadcrumb":{"@id":"https:\/\/community.skin.club\/es\/noticias-es\/inner-circle-sign-headtr1ck-cs2-roster-move#breadcrumb"},"inLanguage":"es","potentialAction":[{"@type":"ReadAction","target":["https:\/\/community.skin.club\/es\/noticias-es\/inner-circle-sign-headtr1ck-cs2-roster-move"]}],"dateModified":"2026-03-14T14:35:07+00:00"},{"@type":"ImageObject","inLanguage":"es","@id":"https:\/\/community.skin.club\/es\/noticias-es\/inner-circle-sign-headtr1ck-cs2-roster-move#primaryimage","url":"https:\/\/community.skin.club\/wp-content\/uploads\/2026\/03\/PHOTO-02-1-4.webp","contentUrl":"https:\/\/community.skin.club\/wp-content\/uploads\/2026\/03\/PHOTO-02-1-4.webp","width":1280,"height":720},{"@type":"BreadcrumbList","@id":"https:\/\/community.skin.club\/es\/noticias-es\/inner-circle-sign-headtr1ck-cs2-roster-move#breadcrumb","itemListElement":[{"@type":"ListItem","position":1,"name":"Comunidad","item":"https:\/\/community.skin.club\/es"},{"@type":"ListItem","position":2,"name":"Noticias","item":"https:\/\/community.skin.club\/es\/noticias-es"},{"@type":"ListItem","position":3,"name":"Vuelve a la acci\u00f3n mientras Inner Circle revela un nuevo movimiento en la plantilla"}]},{"@type":"WebSite","@id":"https:\/\/community.skin.club\/es#website","url":"https:\/\/community.skin.club\/es","name":"Skin.Club Community \u2014 CS2 News, Articles & Events","description":"CS:GO","publisher":{"@id":"https:\/\/community.skin.club\/es#organization"},"alternateName":"CS2 Community","potentialAction":[{"@type":"SearchAction","target":{"@type":"EntryPoint","urlTemplate":"https:\/\/community.skin.club\/es?s={search_term_string}"},"query-input":{"@type":"PropertyValueSpecification","valueRequired":true,"valueName":"search_term_string"}}],"inLanguage":"es"},{"@type":"Organization","@id":"https:\/\/community.skin.club\/es#organization","name":"SkinClub","url":"https:\/\/community.skin.club\/es","logo":{"@type":"ImageObject","inLanguage":"es","@id":"https:\/\/community.skin.club\/es#\/schema\/logo\/image\/","url":"https:\/\/community.skin.club\/wp-content\/uploads\/2022\/07\/logo-1-1.png","contentUrl":"https:\/\/community.skin.club\/wp-content\/uploads\/2022\/07\/logo-1-1.png","width":512,"height":490,"caption":"SkinClub"},"image":{"@id":"https:\/\/community.skin.club\/es#\/schema\/logo\/image\/"}},{"@type":"Person","@id":"https:\/\/community.skin.club\/es#\/schema\/person\/f557fddfc7400fe311b594ed77688366","name":"magic","image":{"@type":"ImageObject","inLanguage":"es","@id":"https:\/\/community.skin.club\/wp-content\/uploads\/2025\/10\/MAGIC-01.png","url":"https:\/\/community.skin.club\/wp-content\/uploads\/2025\/10\/MAGIC-01.png","contentUrl":"https:\/\/community.skin.club\/wp-content\/uploads\/2025\/10\/MAGIC-01.png","caption":"magic"},"url":"https:\/\/community.skin.club\/es\/members\/magic"}]}},"_links":{"self":[{"href":"https:\/\/community.skin.club\/es\/wp-json\/wp\/v2\/posts\/370817","targetHints":{"allow":["GET"]}}],"collection":[{"href":"https:\/\/community.skin.club\/es\/wp-json\/wp\/v2\/posts"}],"about":[{"href":"https:\/\/community.skin.club\/es\/wp-json\/wp\/v2\/types\/post"}],"author":[{"embeddable":true,"href":"https:\/\/community.skin.club\/es\/wp-json\/wp\/v2\/users\/34"}],"replies":[{"embeddable":true,"href":"https:\/\/community.skin.club\/es\/wp-json\/wp\/v2\/comments?post=370817"}],"version-history":[{"count":0,"href":"https:\/\/community.skin.club\/es\/wp-json\/wp\/v2\/posts\/370817\/revisions"}],"wp:featuredmedia":[{"embeddable":true,"href":"https:\/\/community.skin.club\/es\/wp-json\/wp\/v2\/media\/370736"}],"wp:attachment":[{"href":"https:\/\/community.skin.club\/es\/wp-json\/wp\/v2\/media?parent=370817"}],"wp:term":[{"taxonomy":"category","embeddable":true,"href":"https:\/\/community.skin.club\/es\/wp-json\/wp\/v2\/categories?post=370817"},{"taxonomy":"post_tag","embeddable":true,"href":"https:\/\/community.skin.club\/es\/wp-json\/wp\/v2\/tags?post=370817"}],"curies":[{"name":"wp","href":"https:\/\/api.w.org\/{rel}","templated":true}]}}