{"id":370808,"date":"2026-03-14T14:35:07","date_gmt":"2026-03-14T14:35:07","guid":{"rendered":"https:\/\/community.skin.club\/artikkelit\/inner-circle-sign-headtr1ck-cs2-roster-move"},"modified":"2026-03-14T14:35:07","modified_gmt":"2026-03-14T14:35:07","slug":"inner-circle-sign-headtr1ck-cs2-roster-move","status":"publish","type":"post","link":"https:\/\/community.skin.club\/fi\/uutiset\/inner-circle-sign-headtr1ck-cs2-roster-move","title":{"rendered":"headtr1ck palaa peliin, kun Inner Circle paljastaa uuden kokoonpanosiirron"},"content":{"rendered":"<p>Ukrainalainen AWPer Daniil \u201dheadtr1ck\u201d Valitov on virallisesti palannut aktiiviseen kilpailuun liitytty\u00e4\u00e4n Inner Circleen kolmen kuukauden tauon j\u00e4lkeen palvelimelta. Organisaatio vahvisti hankinnan sosiaalisessa mediassa ja ilmoitti, ett\u00e4 headtr1ck t\u00e4ytt\u00e4\u00e4 aiemmin Artem \u201dFlierax\u201d Khioaran paikan, joka siirrettiin penkille aiemmin maaliskuussa. <\/p>\n<h3>Paluu sivustakatsojan jakson j\u00e4lkeen<\/h3>\n<p><img loading=\"lazy\" decoding=\"async\" class=\"alignnone size-full wp-image-180251\" src=\"https:\/\/community.skin.club\/wp-content\/uploads\/2025\/06\/Headtr1ck_at_IEM_Rio_2023.webp\" alt=\"\" width=\"1200\" height=\"800\" srcset=\"https:\/\/community.skin.club\/wp-content\/uploads\/2025\/06\/Headtr1ck_at_IEM_Rio_2023.webp 1200w, https:\/\/community.skin.club\/wp-content\/uploads\/2025\/06\/Headtr1ck_at_IEM_Rio_2023-300x200.webp 300w, https:\/\/community.skin.club\/wp-content\/uploads\/2025\/06\/Headtr1ck_at_IEM_Rio_2023-1024x683.webp 1024w, https:\/\/community.skin.club\/wp-content\/uploads\/2025\/06\/Headtr1ck_at_IEM_Rio_2023-768x512.webp 768w\" sizes=\"(max-width: 1200px) 100vw, 1200px\" \/><\/p>\n<p>21-vuotiaalle tarkka-ampujalle t\u00e4m\u00e4 siirto merkitsee paluuta kilpailulliseen peliin vaikean jakson j\u00e4lkeen. Viimeisen kolmen kuukauden aikana headtr1ck oli istunut B8:n penkill\u00e4 ennen kuin h\u00e4n virallisesti j\u00e4tti joukkueen maaliskuun alussa. Huolimatta tauosta, ukrainalainen pelaaja kirjautti kunnioitettavat lukemat vuonna 2025. H\u00e4n p\u00e4\u00e4tti kauden keskiarvolla 1,05, vaikka h\u00e4nen suorituksensa laski selv\u00e4sti ajan my\u00f6t\u00e4.   <\/p>\n<ul class=\"article-list-pink\">\n<li class=\"article-list-pink__item\">1,12 arvosana vuoden ensimm\u00e4isell\u00e4 puoliskolla<\/li>\n<li class=\"article-list-pink__item\">0,94 arvosana toisella puoliskolla<\/li>\n<\/ul>\n<p>Kauden loppupuolella tapahtuva heikkeneminen johti lopulta h\u00e4nen poistumiseensa aktiivisesta kokoonpanosta.<\/p>\n\n<div class=\"article__content grid-cards-col xl-w-100\">\n    <h3>lue lis\u00e4\u00e4<\/h3>\n    <div class=\"grid-1 gap-12 mb-12 load-parent xl-w-100\">\n        <div class=\"type3 y-red-dif hover-card card-more\">\n        <a class=\"type3__left up-to-card hover-el\" href=\"https:\/\/community.skin.club\/en\/news\/texta-banned-dfrag-lan-fight\">\n        <div class=\"bg-bottom-abs-short\"> <\/div>\n        <picture class=\"picture object-fit-cover\">\n            <img decoding=\"async\" class=\"picture__img object-fit-cover\" src=\"https:\/\/community.skin.club\/wp-content\/uploads\/2026\/03\/Texta_at_ESL_Pro_League_S21.webp\" alt=\"Mindfreak player Texta banned for six months after LAN fight at DFRAG event\">\n        <\/picture>\n    <\/a>\n        <div class=\"type3__right main-structure p-20\">\n        <div class=\"type3__top\">\n            <a class=\"type3__title title-24 hover-el\" href=\"https:\/\/community.skin.club\/en\/news\/texta-banned-dfrag-lan-fight\">Mindfreak player Texta banned for six months after LAN fight at DFRAG event<\/a>\n            <a class=\"go-arrow hover-el\" href=\"https:\/\/community.skin.club\/en\/news\/texta-banned-dfrag-lan-fight\">\n                <div class=\"go-arrow__left go-arrow__part\">\n                    <svg class=\"icon\" width=\"24\" height=\"24\" viewBox=\"0 0 24 24\">\n                        <use xlink:href=\"https:\/\/community.skin.club\/wp-content\/themes\/skinclub-v3\/assets\/images\/sprites\/main.stack.svg?v=1777458943#image-blue-arrow\"><\/use>\n                    <\/svg>\n                <\/div>\n                <div class=\"go-arrow__center go-arrow__part\">\n                    <svg class=\"icon\" width=\"24\" height=\"24\" viewBox=\"0 0 24 24\">\n                        <use xlink:href=\"https:\/\/community.skin.club\/wp-content\/themes\/skinclub-v3\/assets\/images\/sprites\/main.stack.svg?v=1777458943#image-blue-arrow\"><\/use>\n                    <\/svg>\n                <\/div>\n                <div class=\"go-arrow__right go-arrow__part\">\n                    <svg class=\"icon\" width=\"24\" height=\"24\" viewBox=\"0 0 24 24\">\n                        <use xlink:href=\"https:\/\/community.skin.club\/wp-content\/themes\/skinclub-v3\/assets\/images\/sprites\/main.stack.svg?v=1777458943#image-blue-arrow\"><\/use>\n                    <\/svg>\n                <\/div>\n            <\/a><\/div>\n        <div class=\"type3__bottom blue-labels mt-auto\">\n            <div class=\"blue-label disabled\">maalis 14<\/div>\n            <a class=\"blue-label\" href=\"https:\/\/community.skin.club\/en\/news\">News<\/a>        <\/div>\n    <\/div>\n<\/div>    <\/div>\n<\/div>\n<h3>Sis\u00e4piiri pyrkii parantamaan tuloksia<\/h3>\n<p>Inner Circlelle hankinta voi olla yritys vakauttaa suorituksiaan useiden pettymyksien pudotuspeliputkien j\u00e4lkeen. Joukkue on onnistunut p\u00e4\u00e4sem\u00e4\u00e4n pudotuspeleihin useissa viimeaikaisissa turnauksissa, mutta putosi ensimm\u00e4isell\u00e4 kierroksella kolmessa viimeisest\u00e4 nelj\u00e4st\u00e4 turnauksestaan. <\/p>\n<p>Kokeneen AWP-pelaajan, kuten headtr1ck:n, lis\u00e4\u00e4minen odotetaan tuovan enemm\u00e4n tulivoimaa ja vakautta kokoonpanoon, erityisesti korkeapaineisissa kierroksissa, joissa vahva AWP-vaikutus voi usein ratkaista otteluiden lopputuloksen. Heti ilmoituksen j\u00e4lkeen headtr1ck jakoi my\u00f6s viestin sosiaalisessa mediassa: <\/p>\n<blockquote class=\"custom-bq\"><div class=\"custom-bq-q\"><p>Liittyminen Sis\u00e4piiriin. Luotan t\u00e4h\u00e4n projektiin todella ja olen varma, ett\u00e4 kaikki on meid\u00e4n k\u00e4siss\u00e4mme. Ilo olla t\u00e4\u00e4ll\u00e4 \u2014 kiitos kaikille, jotka tukivat minua.  <\/p><\/div><\/blockquote>\n<h3>Debyytti\u00e4 odotetaan CCT:ss\u00e4 Kausi 3 Euroopan kausi 18<\/h3>\n<p><img loading=\"lazy\" decoding=\"async\" class=\"alignnone size-full wp-image-252063\" src=\"https:\/\/community.skin.club\/wp-content\/uploads\/2025\/09\/Headtr1ck_at_BLAST_Austin_Major_2025.jpg\" alt=\"\" width=\"876\" height=\"584\" srcset=\"https:\/\/community.skin.club\/wp-content\/uploads\/2025\/09\/Headtr1ck_at_BLAST_Austin_Major_2025.jpg 876w, https:\/\/community.skin.club\/wp-content\/uploads\/2025\/09\/Headtr1ck_at_BLAST_Austin_Major_2025-300x200.jpg 300w, https:\/\/community.skin.club\/wp-content\/uploads\/2025\/09\/Headtr1ck_at_BLAST_Austin_Major_2025-768x512.jpg 768w\" sizes=\"(max-width: 876px) 100vw, 876px\" \/><\/p>\n<p>Headtr1ck:n ensimm\u00e4inen virallinen esiintyminen joukkueessa odotetaan tapahtuvan CCT Season 3 Europe Series 18 -tapahtumassa, jossa Inner Circle on saanut suoran kutsun pudotuspelivaiheeseen. Turnaus toimii ensimm\u00e4isen\u00e4 todellisena testin\u00e4 p\u00e4ivitetylle kokoonpanolle ja n\u00e4ytt\u00e4\u00e4, kuinka nopeasti ukrainalainen AWPer pystyy integroitumaan joukkueen j\u00e4rjestelm\u00e4\u00e4n. <\/p>\n<h3>Inner Circle -kokoonpano<\/h3>\n<p>Sopimuksen j\u00e4lkeen Inner Circlen Counter-Strike 2 -kokoonpano koostuu nyt:<\/p>\n<ul class=\"article-list-pink\">\n<li class=\"article-list-pink__item\">Viktor \u201donic\u201d Babii<\/li>\n<li class=\"article-list-pink__item\">David \u201dDawy\u201d Bibik<\/li>\n<li class=\"article-list-pink__item\">Arseniy \u201dcptkurtka023\u201d Derevinskiy<\/li>\n<li class=\"article-list-pink__item\">Eduard \u201dzeRRoFIX\u201d Petrovskyi<\/li>\n<li class=\"article-list-pink__item\">Daniil \u201dheadtr1ck\u201d Valitov<\/li>\n<\/ul>\n<p>Valmentaja:<\/p>\n<ul class=\"article-list-pink\">\n<li class=\"article-list-pink__item\">Dmytro \u201djR\u201d Chervak<\/li>\n<\/ul>\n\n<div class=\"article__content grid-cards-col xl-w-100\">\n    <h3>lue lis\u00e4\u00e4<\/h3>\n    <div class=\"grid-1 gap-12 mb-12 load-parent xl-w-100\">\n        <div class=\"type3 y-red-dif hover-card card-more\">\n        <a class=\"type3__left up-to-card hover-el\" href=\"https:\/\/community.skin.club\/en\/news\/cs2-blackbook-gloves-ohnepixel-reaction\">\n        <div class=\"bg-bottom-abs-short\"> <\/div>\n        <picture class=\"picture object-fit-cover\">\n            <img decoding=\"async\" class=\"picture__img object-fit-cover\" src=\"https:\/\/community.skin.club\/wp-content\/uploads\/2026\/03\/PHOTO-02-7.webp\" alt=\"CS2 Blackbook gloves go viral after ohnePixel discovers &#8221;double d*ck&#8221; pattern\">\n        <\/picture>\n    <\/a>\n        <div class=\"type3__right main-structure p-20\">\n        <div class=\"type3__top\">\n            <a class=\"type3__title title-24 hover-el\" href=\"https:\/\/community.skin.club\/en\/news\/cs2-blackbook-gloves-ohnepixel-reaction\">CS2 Blackbook gloves go viral after ohnePixel discovers &#8221;double d*ck&#8221; pattern<\/a>\n            <a class=\"go-arrow hover-el\" href=\"https:\/\/community.skin.club\/en\/news\/cs2-blackbook-gloves-ohnepixel-reaction\">\n                <div class=\"go-arrow__left go-arrow__part\">\n                    <svg class=\"icon\" width=\"24\" height=\"24\" viewBox=\"0 0 24 24\">\n                        <use xlink:href=\"https:\/\/community.skin.club\/wp-content\/themes\/skinclub-v3\/assets\/images\/sprites\/main.stack.svg?v=1777458943#image-blue-arrow\"><\/use>\n                    <\/svg>\n                <\/div>\n                <div class=\"go-arrow__center go-arrow__part\">\n                    <svg class=\"icon\" width=\"24\" height=\"24\" viewBox=\"0 0 24 24\">\n                        <use xlink:href=\"https:\/\/community.skin.club\/wp-content\/themes\/skinclub-v3\/assets\/images\/sprites\/main.stack.svg?v=1777458943#image-blue-arrow\"><\/use>\n                    <\/svg>\n                <\/div>\n                <div class=\"go-arrow__right go-arrow__part\">\n                    <svg class=\"icon\" width=\"24\" height=\"24\" viewBox=\"0 0 24 24\">\n                        <use xlink:href=\"https:\/\/community.skin.club\/wp-content\/themes\/skinclub-v3\/assets\/images\/sprites\/main.stack.svg?v=1777458943#image-blue-arrow\"><\/use>\n                    <\/svg>\n                <\/div>\n            <\/a><\/div>\n        <div class=\"type3__bottom blue-labels mt-auto\">\n            <div class=\"blue-label disabled\">maalis 14<\/div>\n            <a class=\"blue-label\" href=\"https:\/\/community.skin.club\/en\/news\">News<\/a>        <\/div>\n    <\/div>\n<\/div>    <\/div>\n<\/div>\n<h3>Uusi tilaisuus Headtr1ck:lle<\/h3>\n<p>T\u00e4m\u00e4 siirto tarjoaa t\u00e4rke\u00e4n mahdollisuuden headtr1ckille aloittaa urapolkunsa uudelleen. Vain 21-vuotiaana h\u00e4n on yh\u00e4 yksi lupaavimmista ukrainalaisista AWP-pelaajista, ja vahvat suoritukset Inner Circless\u00e4 voivat auttaa h\u00e4nt\u00e4 vakiinnuttamaan asemansa kansainv\u00e4lisell\u00e4 vastaiskukent\u00e4ll\u00e4. <\/p>\n","protected":false},"excerpt":{"rendered":"<p>Ukrainalainen AWPer Daniil \u201dheadtr1ck\u201d Valitov on virallisesti palannut aktiiviseen kilpailuun liitytty\u00e4\u00e4n Inner Circleen kolmen kuukauden tauon j\u00e4lkeen palvelimelta. Organisaatio vahvisti hankinnan sosiaalisessa mediassa ja ilmoitti, ett\u00e4 headtr1ck t\u00e4ytt\u00e4\u00e4 aiemmin Artem \u201dFlierax\u201d Khioaran paikan, joka siirrettiin penkille aiemmin maaliskuussa. Paluu sivustakatsojan jakson j\u00e4lkeen 21-vuotiaalle tarkka-ampujalle t\u00e4m\u00e4 siirto merkitsee paluuta kilpailulliseen peliin vaikean jakson j\u00e4lkeen. Viimeisen kolmen [&hellip;]<\/p>\n","protected":false},"author":34,"featured_media":370726,"comment_status":"closed","ping_status":"closed","sticky":false,"template":"","format":"standard","meta":{"_acf_changed":false,"footnotes":""},"categories":[452],"tags":[2489,2488],"class_list":["post-370808","post","type-post","status-publish","format-standard","has-post-thumbnail","hentry","category-uutiset","tag-headtr1ck","tag-sisapiiri"],"acf":[],"yoast_head":"<!-- This site is optimized with the Yoast SEO plugin v27.4 - https:\/\/yoast.com\/product\/yoast-seo-wordpress\/ -->\n<title>Sis\u00e4piirin allekirjoitus headtr1ck, kun ukrainalainen AWPer palaa pelaamaan<\/title>\n<meta name=\"description\" content=\"Sis\u00e4piiri allekirjoittaa ukrainalaisen AWPerin headtr1ck kolmen kuukauden tauon j\u00e4lkeen. H\u00e4nen odotetaan debytoivan CCT Season 3 Europessa.\" \/>\n<meta name=\"robots\" content=\"index, follow, max-snippet:-1, max-image-preview:large, max-video-preview:-1\" \/>\n<link rel=\"canonical\" href=\"https:\/\/community.skin.club\/fi\/uutiset\/inner-circle-sign-headtr1ck-cs2-roster-move\" \/>\n<meta property=\"og:locale\" content=\"fi_FI\" \/>\n<meta property=\"og:type\" content=\"article\" \/>\n<meta property=\"og:title\" content=\"Sis\u00e4piirin allekirjoitus headtr1ck, kun ukrainalainen AWPer palaa pelaamaan\" \/>\n<meta property=\"og:description\" content=\"Sis\u00e4piiri allekirjoittaa ukrainalaisen AWPerin headtr1ck kolmen kuukauden tauon j\u00e4lkeen. H\u00e4nen odotetaan debytoivan CCT Season 3 Europessa.\" \/>\n<meta property=\"og:url\" content=\"https:\/\/community.skin.club\/fi\/uutiset\/inner-circle-sign-headtr1ck-cs2-roster-move\" \/>\n<meta property=\"og:site_name\" content=\"CS2 &amp; CS:GO Articles, News, Events | Skin.Club Community\" \/>\n<meta property=\"article:published_time\" content=\"2026-03-14T14:35:07+00:00\" \/>\n<meta property=\"og:image\" content=\"http:\/\/community.skin.club\/wp-content\/uploads\/2026\/03\/PHOTO-02-1-4.webp\" \/>\n\t<meta property=\"og:image:width\" content=\"1280\" \/>\n\t<meta property=\"og:image:height\" content=\"720\" \/>\n\t<meta property=\"og:image:type\" content=\"image\/webp\" \/>\n<meta name=\"author\" content=\"magic\" \/>\n<meta name=\"twitter:card\" content=\"summary_large_image\" \/>\n<meta name=\"twitter:label1\" content=\"Kirjoittanut\" \/>\n\t<meta name=\"twitter:data1\" content=\"magic\" \/>\n\t<meta name=\"twitter:label2\" content=\"Arvioitu lukuaika\" \/>\n\t<meta name=\"twitter:data2\" content=\"2 minuuttia\" \/>\n<script type=\"application\/ld+json\" class=\"yoast-schema-graph\">{\"@context\":\"https:\\\/\\\/schema.org\",\"@graph\":[{\"@type\":\"Article\",\"@id\":\"https:\\\/\\\/community.skin.club\\\/fi\\\/uutiset\\\/inner-circle-sign-headtr1ck-cs2-roster-move#article\",\"isPartOf\":{\"@id\":\"https:\\\/\\\/community.skin.club\\\/fi\\\/uutiset\\\/inner-circle-sign-headtr1ck-cs2-roster-move\"},\"author\":{\"name\":\"magic\",\"@id\":\"https:\\\/\\\/community.skin.club\\\/fi#\\\/schema\\\/person\\\/f557fddfc7400fe311b594ed77688366\"},\"headline\":\"headtr1ck palaa peliin, kun Inner Circle paljastaa uuden kokoonpanosiirron\",\"datePublished\":\"2026-03-14T14:35:07+00:00\",\"mainEntityOfPage\":{\"@id\":\"https:\\\/\\\/community.skin.club\\\/fi\\\/uutiset\\\/inner-circle-sign-headtr1ck-cs2-roster-move\"},\"wordCount\":401,\"publisher\":{\"@id\":\"https:\\\/\\\/community.skin.club\\\/fi#organization\"},\"image\":{\"@id\":\"https:\\\/\\\/community.skin.club\\\/fi\\\/uutiset\\\/inner-circle-sign-headtr1ck-cs2-roster-move#primaryimage\"},\"thumbnailUrl\":\"https:\\\/\\\/community.skin.club\\\/wp-content\\\/uploads\\\/2026\\\/03\\\/PHOTO-02-1-4.webp\",\"keywords\":[\"headtr1ck\",\"Sis\u00e4piiri\"],\"articleSection\":[\"Uutiset\"],\"inLanguage\":\"fi\",\"copyrightYear\":\"2026\",\"copyrightHolder\":{\"@id\":\"https:\\\/\\\/community.skin.club\\\/#organization\"},\"dateModified\":\"2026-03-14T14:35:07+00:00\"},{\"@type\":\"WebPage\",\"@id\":\"https:\\\/\\\/community.skin.club\\\/fi\\\/uutiset\\\/inner-circle-sign-headtr1ck-cs2-roster-move\",\"url\":\"https:\\\/\\\/community.skin.club\\\/fi\\\/uutiset\\\/inner-circle-sign-headtr1ck-cs2-roster-move\",\"name\":\"Sis\u00e4piirin allekirjoitus headtr1ck, kun ukrainalainen AWPer palaa pelaamaan\",\"isPartOf\":{\"@id\":\"https:\\\/\\\/community.skin.club\\\/fi#website\"},\"primaryImageOfPage\":{\"@id\":\"https:\\\/\\\/community.skin.club\\\/fi\\\/uutiset\\\/inner-circle-sign-headtr1ck-cs2-roster-move#primaryimage\"},\"image\":{\"@id\":\"https:\\\/\\\/community.skin.club\\\/fi\\\/uutiset\\\/inner-circle-sign-headtr1ck-cs2-roster-move#primaryimage\"},\"thumbnailUrl\":\"https:\\\/\\\/community.skin.club\\\/wp-content\\\/uploads\\\/2026\\\/03\\\/PHOTO-02-1-4.webp\",\"datePublished\":\"2026-03-14T14:35:07+00:00\",\"description\":\"Sis\u00e4piiri allekirjoittaa ukrainalaisen AWPerin headtr1ck kolmen kuukauden tauon j\u00e4lkeen. H\u00e4nen odotetaan debytoivan CCT Season 3 Europessa.\",\"breadcrumb\":{\"@id\":\"https:\\\/\\\/community.skin.club\\\/fi\\\/uutiset\\\/inner-circle-sign-headtr1ck-cs2-roster-move#breadcrumb\"},\"inLanguage\":\"fi\",\"potentialAction\":[{\"@type\":\"ReadAction\",\"target\":[\"https:\\\/\\\/community.skin.club\\\/fi\\\/uutiset\\\/inner-circle-sign-headtr1ck-cs2-roster-move\"]}],\"dateModified\":\"2026-03-14T14:35:07+00:00\"},{\"@type\":\"ImageObject\",\"inLanguage\":\"fi\",\"@id\":\"https:\\\/\\\/community.skin.club\\\/fi\\\/uutiset\\\/inner-circle-sign-headtr1ck-cs2-roster-move#primaryimage\",\"url\":\"https:\\\/\\\/community.skin.club\\\/wp-content\\\/uploads\\\/2026\\\/03\\\/PHOTO-02-1-4.webp\",\"contentUrl\":\"https:\\\/\\\/community.skin.club\\\/wp-content\\\/uploads\\\/2026\\\/03\\\/PHOTO-02-1-4.webp\",\"width\":1280,\"height\":720},{\"@type\":\"BreadcrumbList\",\"@id\":\"https:\\\/\\\/community.skin.club\\\/fi\\\/uutiset\\\/inner-circle-sign-headtr1ck-cs2-roster-move#breadcrumb\",\"itemListElement\":[{\"@type\":\"ListItem\",\"position\":1,\"name\":\"Yhteis\u00f6\",\"item\":\"https:\\\/\\\/community.skin.club\\\/fi\"},{\"@type\":\"ListItem\",\"position\":2,\"name\":\"Uutiset\",\"item\":\"https:\\\/\\\/community.skin.club\\\/fi\\\/uutiset\"},{\"@type\":\"ListItem\",\"position\":3,\"name\":\"headtr1ck palaa peliin, kun Inner Circle paljastaa uuden kokoonpanosiirron\"}]},{\"@type\":\"WebSite\",\"@id\":\"https:\\\/\\\/community.skin.club\\\/fi#website\",\"url\":\"https:\\\/\\\/community.skin.club\\\/fi\",\"name\":\"Skin.Club Community \u2014 CS2 News, Articles & Events\",\"description\":\"CS2 &amp; CS:GO Articles, News, Events | Skin.Club Community\",\"publisher\":{\"@id\":\"https:\\\/\\\/community.skin.club\\\/fi#organization\"},\"alternateName\":\"CS2 Community\",\"potentialAction\":[{\"@type\":\"SearchAction\",\"target\":{\"@type\":\"EntryPoint\",\"urlTemplate\":\"https:\\\/\\\/community.skin.club\\\/fi?s={search_term_string}\"},\"query-input\":{\"@type\":\"PropertyValueSpecification\",\"valueRequired\":true,\"valueName\":\"search_term_string\"}}],\"inLanguage\":\"fi\"},{\"@type\":\"Organization\",\"@id\":\"https:\\\/\\\/community.skin.club\\\/fi#organization\",\"name\":\"SkinClub\",\"url\":\"https:\\\/\\\/community.skin.club\\\/fi\",\"logo\":{\"@type\":\"ImageObject\",\"inLanguage\":\"fi\",\"@id\":\"https:\\\/\\\/community.skin.club\\\/fi#\\\/schema\\\/logo\\\/image\\\/\",\"url\":\"https:\\\/\\\/community.skin.club\\\/wp-content\\\/uploads\\\/2022\\\/07\\\/logo-1-1.png\",\"contentUrl\":\"https:\\\/\\\/community.skin.club\\\/wp-content\\\/uploads\\\/2022\\\/07\\\/logo-1-1.png\",\"width\":512,\"height\":490,\"caption\":\"SkinClub\"},\"image\":{\"@id\":\"https:\\\/\\\/community.skin.club\\\/fi#\\\/schema\\\/logo\\\/image\\\/\"}},{\"@type\":\"Person\",\"@id\":\"https:\\\/\\\/community.skin.club\\\/fi#\\\/schema\\\/person\\\/f557fddfc7400fe311b594ed77688366\",\"name\":\"magic\",\"image\":{\"@type\":\"ImageObject\",\"inLanguage\":\"fi\",\"@id\":\"https:\\\/\\\/community.skin.club\\\/wp-content\\\/uploads\\\/2025\\\/10\\\/MAGIC-01.png\",\"url\":\"https:\\\/\\\/community.skin.club\\\/wp-content\\\/uploads\\\/2025\\\/10\\\/MAGIC-01.png\",\"contentUrl\":\"https:\\\/\\\/community.skin.club\\\/wp-content\\\/uploads\\\/2025\\\/10\\\/MAGIC-01.png\",\"caption\":\"magic\"},\"url\":\"https:\\\/\\\/community.skin.club\\\/fi\\\/members\\\/magic\"}]}<\/script>\n<!-- \/ Yoast SEO plugin. -->","yoast_head_json":{"title":"Sis\u00e4piirin allekirjoitus headtr1ck, kun ukrainalainen AWPer palaa pelaamaan","description":"Sis\u00e4piiri allekirjoittaa ukrainalaisen AWPerin headtr1ck kolmen kuukauden tauon j\u00e4lkeen. H\u00e4nen odotetaan debytoivan CCT Season 3 Europessa.","robots":{"index":"index","follow":"follow","max-snippet":"max-snippet:-1","max-image-preview":"max-image-preview:large","max-video-preview":"max-video-preview:-1"},"canonical":"https:\/\/community.skin.club\/fi\/uutiset\/inner-circle-sign-headtr1ck-cs2-roster-move","og_locale":"fi_FI","og_type":"article","og_title":"Sis\u00e4piirin allekirjoitus headtr1ck, kun ukrainalainen AWPer palaa pelaamaan","og_description":"Sis\u00e4piiri allekirjoittaa ukrainalaisen AWPerin headtr1ck kolmen kuukauden tauon j\u00e4lkeen. H\u00e4nen odotetaan debytoivan CCT Season 3 Europessa.","og_url":"https:\/\/community.skin.club\/fi\/uutiset\/inner-circle-sign-headtr1ck-cs2-roster-move","og_site_name":"CS2 &amp; CS:GO Articles, News, Events | Skin.Club Community","article_published_time":"2026-03-14T14:35:07+00:00","og_image":[{"width":1280,"height":720,"url":"http:\/\/community.skin.club\/wp-content\/uploads\/2026\/03\/PHOTO-02-1-4.webp","type":"image\/webp"}],"author":"magic","twitter_card":"summary_large_image","twitter_misc":{"Kirjoittanut":"magic","Arvioitu lukuaika":"2 minuuttia"},"schema":{"@context":"https:\/\/schema.org","@graph":[{"@type":"Article","@id":"https:\/\/community.skin.club\/fi\/uutiset\/inner-circle-sign-headtr1ck-cs2-roster-move#article","isPartOf":{"@id":"https:\/\/community.skin.club\/fi\/uutiset\/inner-circle-sign-headtr1ck-cs2-roster-move"},"author":{"name":"magic","@id":"https:\/\/community.skin.club\/fi#\/schema\/person\/f557fddfc7400fe311b594ed77688366"},"headline":"headtr1ck palaa peliin, kun Inner Circle paljastaa uuden kokoonpanosiirron","datePublished":"2026-03-14T14:35:07+00:00","mainEntityOfPage":{"@id":"https:\/\/community.skin.club\/fi\/uutiset\/inner-circle-sign-headtr1ck-cs2-roster-move"},"wordCount":401,"publisher":{"@id":"https:\/\/community.skin.club\/fi#organization"},"image":{"@id":"https:\/\/community.skin.club\/fi\/uutiset\/inner-circle-sign-headtr1ck-cs2-roster-move#primaryimage"},"thumbnailUrl":"https:\/\/community.skin.club\/wp-content\/uploads\/2026\/03\/PHOTO-02-1-4.webp","keywords":["headtr1ck","Sis\u00e4piiri"],"articleSection":["Uutiset"],"inLanguage":"fi","copyrightYear":"2026","copyrightHolder":{"@id":"https:\/\/community.skin.club\/#organization"},"dateModified":"2026-03-14T14:35:07+00:00"},{"@type":"WebPage","@id":"https:\/\/community.skin.club\/fi\/uutiset\/inner-circle-sign-headtr1ck-cs2-roster-move","url":"https:\/\/community.skin.club\/fi\/uutiset\/inner-circle-sign-headtr1ck-cs2-roster-move","name":"Sis\u00e4piirin allekirjoitus headtr1ck, kun ukrainalainen AWPer palaa pelaamaan","isPartOf":{"@id":"https:\/\/community.skin.club\/fi#website"},"primaryImageOfPage":{"@id":"https:\/\/community.skin.club\/fi\/uutiset\/inner-circle-sign-headtr1ck-cs2-roster-move#primaryimage"},"image":{"@id":"https:\/\/community.skin.club\/fi\/uutiset\/inner-circle-sign-headtr1ck-cs2-roster-move#primaryimage"},"thumbnailUrl":"https:\/\/community.skin.club\/wp-content\/uploads\/2026\/03\/PHOTO-02-1-4.webp","datePublished":"2026-03-14T14:35:07+00:00","description":"Sis\u00e4piiri allekirjoittaa ukrainalaisen AWPerin headtr1ck kolmen kuukauden tauon j\u00e4lkeen. H\u00e4nen odotetaan debytoivan CCT Season 3 Europessa.","breadcrumb":{"@id":"https:\/\/community.skin.club\/fi\/uutiset\/inner-circle-sign-headtr1ck-cs2-roster-move#breadcrumb"},"inLanguage":"fi","potentialAction":[{"@type":"ReadAction","target":["https:\/\/community.skin.club\/fi\/uutiset\/inner-circle-sign-headtr1ck-cs2-roster-move"]}],"dateModified":"2026-03-14T14:35:07+00:00"},{"@type":"ImageObject","inLanguage":"fi","@id":"https:\/\/community.skin.club\/fi\/uutiset\/inner-circle-sign-headtr1ck-cs2-roster-move#primaryimage","url":"https:\/\/community.skin.club\/wp-content\/uploads\/2026\/03\/PHOTO-02-1-4.webp","contentUrl":"https:\/\/community.skin.club\/wp-content\/uploads\/2026\/03\/PHOTO-02-1-4.webp","width":1280,"height":720},{"@type":"BreadcrumbList","@id":"https:\/\/community.skin.club\/fi\/uutiset\/inner-circle-sign-headtr1ck-cs2-roster-move#breadcrumb","itemListElement":[{"@type":"ListItem","position":1,"name":"Yhteis\u00f6","item":"https:\/\/community.skin.club\/fi"},{"@type":"ListItem","position":2,"name":"Uutiset","item":"https:\/\/community.skin.club\/fi\/uutiset"},{"@type":"ListItem","position":3,"name":"headtr1ck palaa peliin, kun Inner Circle paljastaa uuden kokoonpanosiirron"}]},{"@type":"WebSite","@id":"https:\/\/community.skin.club\/fi#website","url":"https:\/\/community.skin.club\/fi","name":"Skin.Club Community \u2014 CS2 News, Articles & Events","description":"CS2 &amp; CS:GO Articles, News, Events | Skin.Club Community","publisher":{"@id":"https:\/\/community.skin.club\/fi#organization"},"alternateName":"CS2 Community","potentialAction":[{"@type":"SearchAction","target":{"@type":"EntryPoint","urlTemplate":"https:\/\/community.skin.club\/fi?s={search_term_string}"},"query-input":{"@type":"PropertyValueSpecification","valueRequired":true,"valueName":"search_term_string"}}],"inLanguage":"fi"},{"@type":"Organization","@id":"https:\/\/community.skin.club\/fi#organization","name":"SkinClub","url":"https:\/\/community.skin.club\/fi","logo":{"@type":"ImageObject","inLanguage":"fi","@id":"https:\/\/community.skin.club\/fi#\/schema\/logo\/image\/","url":"https:\/\/community.skin.club\/wp-content\/uploads\/2022\/07\/logo-1-1.png","contentUrl":"https:\/\/community.skin.club\/wp-content\/uploads\/2022\/07\/logo-1-1.png","width":512,"height":490,"caption":"SkinClub"},"image":{"@id":"https:\/\/community.skin.club\/fi#\/schema\/logo\/image\/"}},{"@type":"Person","@id":"https:\/\/community.skin.club\/fi#\/schema\/person\/f557fddfc7400fe311b594ed77688366","name":"magic","image":{"@type":"ImageObject","inLanguage":"fi","@id":"https:\/\/community.skin.club\/wp-content\/uploads\/2025\/10\/MAGIC-01.png","url":"https:\/\/community.skin.club\/wp-content\/uploads\/2025\/10\/MAGIC-01.png","contentUrl":"https:\/\/community.skin.club\/wp-content\/uploads\/2025\/10\/MAGIC-01.png","caption":"magic"},"url":"https:\/\/community.skin.club\/fi\/members\/magic"}]}},"_links":{"self":[{"href":"https:\/\/community.skin.club\/fi\/wp-json\/wp\/v2\/posts\/370808","targetHints":{"allow":["GET"]}}],"collection":[{"href":"https:\/\/community.skin.club\/fi\/wp-json\/wp\/v2\/posts"}],"about":[{"href":"https:\/\/community.skin.club\/fi\/wp-json\/wp\/v2\/types\/post"}],"author":[{"embeddable":true,"href":"https:\/\/community.skin.club\/fi\/wp-json\/wp\/v2\/users\/34"}],"replies":[{"embeddable":true,"href":"https:\/\/community.skin.club\/fi\/wp-json\/wp\/v2\/comments?post=370808"}],"version-history":[{"count":0,"href":"https:\/\/community.skin.club\/fi\/wp-json\/wp\/v2\/posts\/370808\/revisions"}],"wp:featuredmedia":[{"embeddable":true,"href":"https:\/\/community.skin.club\/fi\/wp-json\/wp\/v2\/media\/370726"}],"wp:attachment":[{"href":"https:\/\/community.skin.club\/fi\/wp-json\/wp\/v2\/media?parent=370808"}],"wp:term":[{"taxonomy":"category","embeddable":true,"href":"https:\/\/community.skin.club\/fi\/wp-json\/wp\/v2\/categories?post=370808"},{"taxonomy":"post_tag","embeddable":true,"href":"https:\/\/community.skin.club\/fi\/wp-json\/wp\/v2\/tags?post=370808"}],"curies":[{"name":"wp","href":"https:\/\/api.w.org\/{rel}","templated":true}]}}