{"id":16760,"date":"2023-07-29T14:52:57","date_gmt":"2023-07-29T14:52:57","guid":{"rendered":"https:\/\/skin.club\/community\/articles-fr\/buster-representera-cloud-9-a-liem-cologne-2023"},"modified":"2023-08-11T12:29:08","modified_gmt":"2023-08-11T12:29:08","slug":"buster-representera-cloud-9-a-liem-cologne-2023","status":"publish","type":"post","link":"https:\/\/community.skin.club\/fr\/actualites\/buster-representera-cloud-9-a-liem-cologne-2023","title":{"rendered":"Buster repr\u00e9sentera Cloud 9 \u00e0 l&rsquo;IEM Cologne 2023"},"content":{"rendered":"<h1 style=\"text-align: center;\"><span style=\"font-weight: 400;\">Buster repr\u00e9sentera Cloud 9 \u00e0 l\u2019IEM Cologne 2023<\/span><\/h1>\n<p><span style=\"font-weight: 400;\">Timur \u00ab\u00a0<\/span><a href=\"https:\/\/www.cybersport.ru\/players\/cs-go\/busterjkee6950\"><span style=\"font-weight: 400;\">Buster<\/span><\/a><span style=\"font-weight: 400;\">\u00a0\u00bb Tulepov appara\u00eetra une fois de plus au tournoi sous les couleurs de Cloud 9, conform\u00e9ment \u00e0 une d\u00e9claration faite par l\u2019organisation sur les r\u00e9seaux sociaux.<\/span><\/p>\n<p><span style=\"font-weight: 400;\">Buster remplacera Ax1Le, qui, en raison de probl\u00e8mes techniques, n\u2019a pas r\u00e9ussi \u00e0 obtenir un visa pour l\u2019Allemagne \u00e0 temps.<\/span><\/p>\n<p><span style=\"font-weight: 400;\">On s\u2019attend \u00e0 ce que Buster participe au tournoi pendant toute la phase de groupes. Et seulement si Cloud 9 se qualifie pour les \u00e9liminatoires \u2013 il sera remplac\u00e9 par Ax1Le.<\/span><\/p>\n<p>\u00a0<\/p>\n","protected":false},"excerpt":{"rendered":"<p>Buster repr\u00e9sentera Cloud 9 \u00e0 l\u2019IEM Cologne 2023 Timur \u00ab\u00a0Buster\u00a0\u00bb Tulepov appara\u00eetra une fois de plus au tournoi sous les couleurs de Cloud 9, conform\u00e9ment \u00e0 une d\u00e9claration faite par l\u2019organisation sur les r\u00e9seaux sociaux. Buster remplacera Ax1Le, qui, en raison de probl\u00e8mes techniques, n\u2019a pas r\u00e9ussi \u00e0 obtenir un visa pour l\u2019Allemagne \u00e0 temps. [&hellip;]<\/p>\n","protected":false},"author":5,"featured_media":15805,"comment_status":"open","ping_status":"open","sticky":false,"template":"","format":"standard","meta":{"_acf_changed":false,"footnotes":""},"categories":[147],"tags":[193],"class_list":["post-16760","post","type-post","status-publish","format-standard","has-post-thumbnail","hentry","category-actualites","tag-iem-cologne-2023"],"acf":[],"yoast_head":"<!-- This site is optimized with the Yoast SEO plugin v27.4 - https:\/\/yoast.com\/product\/yoast-seo-wordpress\/ -->\n<title>Buster repr\u00e9sentera Cloud 9 \u00e0 l&#039;IEM Cologne 2023 - CS2 &amp; CS:GO Articles, News, Events | Skin.Club Community<\/title>\n<meta name=\"robots\" content=\"index, follow, max-snippet:-1, max-image-preview:large, max-video-preview:-1\" \/>\n<link rel=\"canonical\" href=\"https:\/\/community.skin.club\/fr\/actualites\/buster-representera-cloud-9-a-liem-cologne-2023\" \/>\n<meta property=\"og:locale\" content=\"fr_FR\" \/>\n<meta property=\"og:type\" content=\"article\" \/>\n<meta property=\"og:title\" content=\"Buster repr\u00e9sentera Cloud 9 \u00e0 l&#039;IEM Cologne 2023 - CS2 &amp; CS:GO Articles, News, Events | Skin.Club Community\" \/>\n<meta property=\"og:description\" content=\"Buster repr\u00e9sentera Cloud 9 \u00e0 l\u2019IEM Cologne 2023 Timur \u00ab\u00a0Buster\u00a0\u00bb Tulepov appara\u00eetra une fois de plus au tournoi sous les couleurs de Cloud 9, conform\u00e9ment \u00e0 une d\u00e9claration faite par l\u2019organisation sur les r\u00e9seaux sociaux. Buster remplacera Ax1Le, qui, en raison de probl\u00e8mes techniques, n\u2019a pas r\u00e9ussi \u00e0 obtenir un visa pour l\u2019Allemagne \u00e0 temps. [&hellip;]\" \/>\n<meta property=\"og:url\" content=\"https:\/\/community.skin.club\/fr\/actualites\/buster-representera-cloud-9-a-liem-cologne-2023\" \/>\n<meta property=\"og:site_name\" content=\"CS2 &amp; CS:GO Articles, News, Events | Skin.Club Community\" \/>\n<meta property=\"article:published_time\" content=\"2023-07-29T14:52:57+00:00\" \/>\n<meta property=\"article:modified_time\" content=\"2023-08-11T12:29:08+00:00\" \/>\n<meta property=\"og:image\" content=\"http:\/\/community.skin.club\/wp-content\/uploads\/2023\/07\/news7.jpg\" \/>\n\t<meta property=\"og:image:width\" content=\"1920\" \/>\n\t<meta property=\"og:image:height\" content=\"1080\" \/>\n\t<meta property=\"og:image:type\" content=\"image\/jpeg\" \/>\n<meta name=\"author\" content=\"Emma Moore\" \/>\n<meta name=\"twitter:card\" content=\"summary_large_image\" \/>\n<meta name=\"twitter:label1\" content=\"\u00c9crit par\" \/>\n\t<meta name=\"twitter:data1\" content=\"Emma Moore\" \/>\n<script type=\"application\/ld+json\" class=\"yoast-schema-graph\">{\"@context\":\"https:\\\/\\\/schema.org\",\"@graph\":[{\"@type\":\"Article\",\"@id\":\"https:\\\/\\\/community.skin.club\\\/fr\\\/actualites\\\/buster-representera-cloud-9-a-liem-cologne-2023#article\",\"isPartOf\":{\"@id\":\"https:\\\/\\\/community.skin.club\\\/fr\\\/actualites\\\/buster-representera-cloud-9-a-liem-cologne-2023\"},\"author\":{\"name\":\"Emma Moore\",\"@id\":\"https:\\\/\\\/community.skin.club\\\/fr#\\\/schema\\\/person\\\/7c4048de3edcf50399b6c03aa0db036b\"},\"headline\":\"Buster repr\u00e9sentera Cloud 9 \u00e0 l&rsquo;IEM Cologne 2023\",\"datePublished\":\"2023-07-29T14:52:57+00:00\",\"dateModified\":\"2023-08-11T12:29:08+00:00\",\"mainEntityOfPage\":{\"@id\":\"https:\\\/\\\/community.skin.club\\\/fr\\\/actualites\\\/buster-representera-cloud-9-a-liem-cologne-2023\"},\"wordCount\":99,\"commentCount\":0,\"publisher\":{\"@id\":\"https:\\\/\\\/community.skin.club\\\/fr#organization\"},\"image\":{\"@id\":\"https:\\\/\\\/community.skin.club\\\/fr\\\/actualites\\\/buster-representera-cloud-9-a-liem-cologne-2023#primaryimage\"},\"thumbnailUrl\":\"https:\\\/\\\/community.skin.club\\\/wp-content\\\/uploads\\\/2023\\\/07\\\/news7.jpg\",\"keywords\":[\"IEM COLOGNE 2023\"],\"articleSection\":[\"Actualit\u00e9s\"],\"inLanguage\":\"fr-FR\",\"copyrightYear\":\"2023\",\"copyrightHolder\":{\"@id\":\"https:\\\/\\\/community.skin.club\\\/#organization\"}},{\"@type\":\"WebPage\",\"@id\":\"https:\\\/\\\/community.skin.club\\\/fr\\\/actualites\\\/buster-representera-cloud-9-a-liem-cologne-2023\",\"url\":\"https:\\\/\\\/community.skin.club\\\/fr\\\/actualites\\\/buster-representera-cloud-9-a-liem-cologne-2023\",\"name\":\"Buster repr\u00e9sentera Cloud 9 \u00e0 l'IEM Cologne 2023 - CS2 &amp; CS:GO Articles, News, Events | Skin.Club Community\",\"isPartOf\":{\"@id\":\"https:\\\/\\\/community.skin.club\\\/fr#website\"},\"primaryImageOfPage\":{\"@id\":\"https:\\\/\\\/community.skin.club\\\/fr\\\/actualites\\\/buster-representera-cloud-9-a-liem-cologne-2023#primaryimage\"},\"image\":{\"@id\":\"https:\\\/\\\/community.skin.club\\\/fr\\\/actualites\\\/buster-representera-cloud-9-a-liem-cologne-2023#primaryimage\"},\"thumbnailUrl\":\"https:\\\/\\\/community.skin.club\\\/wp-content\\\/uploads\\\/2023\\\/07\\\/news7.jpg\",\"datePublished\":\"2023-07-29T14:52:57+00:00\",\"dateModified\":\"2023-08-11T12:29:08+00:00\",\"breadcrumb\":{\"@id\":\"https:\\\/\\\/community.skin.club\\\/fr\\\/actualites\\\/buster-representera-cloud-9-a-liem-cologne-2023#breadcrumb\"},\"inLanguage\":\"fr-FR\",\"potentialAction\":[{\"@type\":\"ReadAction\",\"target\":[\"https:\\\/\\\/community.skin.club\\\/fr\\\/actualites\\\/buster-representera-cloud-9-a-liem-cologne-2023\"]}]},{\"@type\":\"ImageObject\",\"inLanguage\":\"fr-FR\",\"@id\":\"https:\\\/\\\/community.skin.club\\\/fr\\\/actualites\\\/buster-representera-cloud-9-a-liem-cologne-2023#primaryimage\",\"url\":\"https:\\\/\\\/community.skin.club\\\/wp-content\\\/uploads\\\/2023\\\/07\\\/news7.jpg\",\"contentUrl\":\"https:\\\/\\\/community.skin.club\\\/wp-content\\\/uploads\\\/2023\\\/07\\\/news7.jpg\",\"width\":1920,\"height\":1080,\"caption\":\"Buster will compete for Cloud 9\"},{\"@type\":\"BreadcrumbList\",\"@id\":\"https:\\\/\\\/community.skin.club\\\/fr\\\/actualites\\\/buster-representera-cloud-9-a-liem-cologne-2023#breadcrumb\",\"itemListElement\":[{\"@type\":\"ListItem\",\"position\":1,\"name\":\"Communaut\u00e9\",\"item\":\"https:\\\/\\\/community.skin.club\\\/fr\"},{\"@type\":\"ListItem\",\"position\":2,\"name\":\"Actualit\u00e9s\",\"item\":\"https:\\\/\\\/community.skin.club\\\/fr\\\/actualites\"},{\"@type\":\"ListItem\",\"position\":3,\"name\":\"Buster repr\u00e9sentera Cloud 9 \u00e0 l&#8217;IEM Cologne 2023\"}]},{\"@type\":\"WebSite\",\"@id\":\"https:\\\/\\\/community.skin.club\\\/fr#website\",\"url\":\"https:\\\/\\\/community.skin.club\\\/fr\",\"name\":\"Skin.Club Community \u2014 CS2 News, Articles & Events\",\"description\":\"CS:GO\",\"publisher\":{\"@id\":\"https:\\\/\\\/community.skin.club\\\/fr#organization\"},\"alternateName\":\"CS2 Community\",\"potentialAction\":[{\"@type\":\"SearchAction\",\"target\":{\"@type\":\"EntryPoint\",\"urlTemplate\":\"https:\\\/\\\/community.skin.club\\\/fr?s={search_term_string}\"},\"query-input\":{\"@type\":\"PropertyValueSpecification\",\"valueRequired\":true,\"valueName\":\"search_term_string\"}}],\"inLanguage\":\"fr-FR\"},{\"@type\":\"Organization\",\"@id\":\"https:\\\/\\\/community.skin.club\\\/fr#organization\",\"name\":\"SkinClub\",\"url\":\"https:\\\/\\\/community.skin.club\\\/fr\",\"logo\":{\"@type\":\"ImageObject\",\"inLanguage\":\"fr-FR\",\"@id\":\"https:\\\/\\\/community.skin.club\\\/fr#\\\/schema\\\/logo\\\/image\\\/\",\"url\":\"https:\\\/\\\/community.skin.club\\\/wp-content\\\/uploads\\\/2022\\\/07\\\/logo-1-1.png\",\"contentUrl\":\"https:\\\/\\\/community.skin.club\\\/wp-content\\\/uploads\\\/2022\\\/07\\\/logo-1-1.png\",\"width\":512,\"height\":490,\"caption\":\"SkinClub\"},\"image\":{\"@id\":\"https:\\\/\\\/community.skin.club\\\/fr#\\\/schema\\\/logo\\\/image\\\/\"}},{\"@type\":\"Person\",\"@id\":\"https:\\\/\\\/community.skin.club\\\/fr#\\\/schema\\\/person\\\/7c4048de3edcf50399b6c03aa0db036b\",\"name\":\"Emma Moore\",\"image\":{\"@type\":\"ImageObject\",\"inLanguage\":\"fr-FR\",\"@id\":\"https:\\\/\\\/community.skin.club\\\/wp-content\\\/uploads\\\/2025\\\/10\\\/EMMA-MOORE-01.png\",\"url\":\"https:\\\/\\\/community.skin.club\\\/wp-content\\\/uploads\\\/2025\\\/10\\\/EMMA-MOORE-01.png\",\"contentUrl\":\"https:\\\/\\\/community.skin.club\\\/wp-content\\\/uploads\\\/2025\\\/10\\\/EMMA-MOORE-01.png\",\"caption\":\"Emma Moore\"},\"description\":\"An American journalist. She was an editor for popular newspapers and actively follows Counter-Strike matches as a viewer.\",\"url\":\"https:\\\/\\\/community.skin.club\\\/fr\\\/members\\\/emma-moore\"}]}<\/script>\n<!-- \/ Yoast SEO plugin. -->","yoast_head_json":{"title":"Buster repr\u00e9sentera Cloud 9 \u00e0 l'IEM Cologne 2023 - CS2 &amp; CS:GO Articles, News, Events | Skin.Club Community","robots":{"index":"index","follow":"follow","max-snippet":"max-snippet:-1","max-image-preview":"max-image-preview:large","max-video-preview":"max-video-preview:-1"},"canonical":"https:\/\/community.skin.club\/fr\/actualites\/buster-representera-cloud-9-a-liem-cologne-2023","og_locale":"fr_FR","og_type":"article","og_title":"Buster repr\u00e9sentera Cloud 9 \u00e0 l'IEM Cologne 2023 - CS2 &amp; CS:GO Articles, News, Events | Skin.Club Community","og_description":"Buster repr\u00e9sentera Cloud 9 \u00e0 l\u2019IEM Cologne 2023 Timur \u00ab\u00a0Buster\u00a0\u00bb Tulepov appara\u00eetra une fois de plus au tournoi sous les couleurs de Cloud 9, conform\u00e9ment \u00e0 une d\u00e9claration faite par l\u2019organisation sur les r\u00e9seaux sociaux. Buster remplacera Ax1Le, qui, en raison de probl\u00e8mes techniques, n\u2019a pas r\u00e9ussi \u00e0 obtenir un visa pour l\u2019Allemagne \u00e0 temps. [&hellip;]","og_url":"https:\/\/community.skin.club\/fr\/actualites\/buster-representera-cloud-9-a-liem-cologne-2023","og_site_name":"CS2 &amp; CS:GO Articles, News, Events | Skin.Club Community","article_published_time":"2023-07-29T14:52:57+00:00","article_modified_time":"2023-08-11T12:29:08+00:00","og_image":[{"width":1920,"height":1080,"url":"http:\/\/community.skin.club\/wp-content\/uploads\/2023\/07\/news7.jpg","type":"image\/jpeg"}],"author":"Emma Moore","twitter_card":"summary_large_image","twitter_misc":{"\u00c9crit par":"Emma Moore"},"schema":{"@context":"https:\/\/schema.org","@graph":[{"@type":"Article","@id":"https:\/\/community.skin.club\/fr\/actualites\/buster-representera-cloud-9-a-liem-cologne-2023#article","isPartOf":{"@id":"https:\/\/community.skin.club\/fr\/actualites\/buster-representera-cloud-9-a-liem-cologne-2023"},"author":{"name":"Emma Moore","@id":"https:\/\/community.skin.club\/fr#\/schema\/person\/7c4048de3edcf50399b6c03aa0db036b"},"headline":"Buster repr\u00e9sentera Cloud 9 \u00e0 l&rsquo;IEM Cologne 2023","datePublished":"2023-07-29T14:52:57+00:00","dateModified":"2023-08-11T12:29:08+00:00","mainEntityOfPage":{"@id":"https:\/\/community.skin.club\/fr\/actualites\/buster-representera-cloud-9-a-liem-cologne-2023"},"wordCount":99,"commentCount":0,"publisher":{"@id":"https:\/\/community.skin.club\/fr#organization"},"image":{"@id":"https:\/\/community.skin.club\/fr\/actualites\/buster-representera-cloud-9-a-liem-cologne-2023#primaryimage"},"thumbnailUrl":"https:\/\/community.skin.club\/wp-content\/uploads\/2023\/07\/news7.jpg","keywords":["IEM COLOGNE 2023"],"articleSection":["Actualit\u00e9s"],"inLanguage":"fr-FR","copyrightYear":"2023","copyrightHolder":{"@id":"https:\/\/community.skin.club\/#organization"}},{"@type":"WebPage","@id":"https:\/\/community.skin.club\/fr\/actualites\/buster-representera-cloud-9-a-liem-cologne-2023","url":"https:\/\/community.skin.club\/fr\/actualites\/buster-representera-cloud-9-a-liem-cologne-2023","name":"Buster repr\u00e9sentera Cloud 9 \u00e0 l'IEM Cologne 2023 - CS2 &amp; CS:GO Articles, News, Events | Skin.Club Community","isPartOf":{"@id":"https:\/\/community.skin.club\/fr#website"},"primaryImageOfPage":{"@id":"https:\/\/community.skin.club\/fr\/actualites\/buster-representera-cloud-9-a-liem-cologne-2023#primaryimage"},"image":{"@id":"https:\/\/community.skin.club\/fr\/actualites\/buster-representera-cloud-9-a-liem-cologne-2023#primaryimage"},"thumbnailUrl":"https:\/\/community.skin.club\/wp-content\/uploads\/2023\/07\/news7.jpg","datePublished":"2023-07-29T14:52:57+00:00","dateModified":"2023-08-11T12:29:08+00:00","breadcrumb":{"@id":"https:\/\/community.skin.club\/fr\/actualites\/buster-representera-cloud-9-a-liem-cologne-2023#breadcrumb"},"inLanguage":"fr-FR","potentialAction":[{"@type":"ReadAction","target":["https:\/\/community.skin.club\/fr\/actualites\/buster-representera-cloud-9-a-liem-cologne-2023"]}]},{"@type":"ImageObject","inLanguage":"fr-FR","@id":"https:\/\/community.skin.club\/fr\/actualites\/buster-representera-cloud-9-a-liem-cologne-2023#primaryimage","url":"https:\/\/community.skin.club\/wp-content\/uploads\/2023\/07\/news7.jpg","contentUrl":"https:\/\/community.skin.club\/wp-content\/uploads\/2023\/07\/news7.jpg","width":1920,"height":1080,"caption":"Buster will compete for Cloud 9"},{"@type":"BreadcrumbList","@id":"https:\/\/community.skin.club\/fr\/actualites\/buster-representera-cloud-9-a-liem-cologne-2023#breadcrumb","itemListElement":[{"@type":"ListItem","position":1,"name":"Communaut\u00e9","item":"https:\/\/community.skin.club\/fr"},{"@type":"ListItem","position":2,"name":"Actualit\u00e9s","item":"https:\/\/community.skin.club\/fr\/actualites"},{"@type":"ListItem","position":3,"name":"Buster repr\u00e9sentera Cloud 9 \u00e0 l&#8217;IEM Cologne 2023"}]},{"@type":"WebSite","@id":"https:\/\/community.skin.club\/fr#website","url":"https:\/\/community.skin.club\/fr","name":"Skin.Club Community \u2014 CS2 News, Articles & Events","description":"CS:GO","publisher":{"@id":"https:\/\/community.skin.club\/fr#organization"},"alternateName":"CS2 Community","potentialAction":[{"@type":"SearchAction","target":{"@type":"EntryPoint","urlTemplate":"https:\/\/community.skin.club\/fr?s={search_term_string}"},"query-input":{"@type":"PropertyValueSpecification","valueRequired":true,"valueName":"search_term_string"}}],"inLanguage":"fr-FR"},{"@type":"Organization","@id":"https:\/\/community.skin.club\/fr#organization","name":"SkinClub","url":"https:\/\/community.skin.club\/fr","logo":{"@type":"ImageObject","inLanguage":"fr-FR","@id":"https:\/\/community.skin.club\/fr#\/schema\/logo\/image\/","url":"https:\/\/community.skin.club\/wp-content\/uploads\/2022\/07\/logo-1-1.png","contentUrl":"https:\/\/community.skin.club\/wp-content\/uploads\/2022\/07\/logo-1-1.png","width":512,"height":490,"caption":"SkinClub"},"image":{"@id":"https:\/\/community.skin.club\/fr#\/schema\/logo\/image\/"}},{"@type":"Person","@id":"https:\/\/community.skin.club\/fr#\/schema\/person\/7c4048de3edcf50399b6c03aa0db036b","name":"Emma Moore","image":{"@type":"ImageObject","inLanguage":"fr-FR","@id":"https:\/\/community.skin.club\/wp-content\/uploads\/2025\/10\/EMMA-MOORE-01.png","url":"https:\/\/community.skin.club\/wp-content\/uploads\/2025\/10\/EMMA-MOORE-01.png","contentUrl":"https:\/\/community.skin.club\/wp-content\/uploads\/2025\/10\/EMMA-MOORE-01.png","caption":"Emma Moore"},"description":"An American journalist. She was an editor for popular newspapers and actively follows Counter-Strike matches as a viewer.","url":"https:\/\/community.skin.club\/fr\/members\/emma-moore"}]}},"_links":{"self":[{"href":"https:\/\/community.skin.club\/fr\/wp-json\/wp\/v2\/posts\/16760","targetHints":{"allow":["GET"]}}],"collection":[{"href":"https:\/\/community.skin.club\/fr\/wp-json\/wp\/v2\/posts"}],"about":[{"href":"https:\/\/community.skin.club\/fr\/wp-json\/wp\/v2\/types\/post"}],"author":[{"embeddable":true,"href":"https:\/\/community.skin.club\/fr\/wp-json\/wp\/v2\/users\/5"}],"replies":[{"embeddable":true,"href":"https:\/\/community.skin.club\/fr\/wp-json\/wp\/v2\/comments?post=16760"}],"version-history":[{"count":1,"href":"https:\/\/community.skin.club\/fr\/wp-json\/wp\/v2\/posts\/16760\/revisions"}],"predecessor-version":[{"id":16761,"href":"https:\/\/community.skin.club\/fr\/wp-json\/wp\/v2\/posts\/16760\/revisions\/16761"}],"wp:featuredmedia":[{"embeddable":true,"href":"https:\/\/community.skin.club\/fr\/wp-json\/wp\/v2\/media\/15805"}],"wp:attachment":[{"href":"https:\/\/community.skin.club\/fr\/wp-json\/wp\/v2\/media?parent=16760"}],"wp:term":[{"taxonomy":"category","embeddable":true,"href":"https:\/\/community.skin.club\/fr\/wp-json\/wp\/v2\/categories?post=16760"},{"taxonomy":"post_tag","embeddable":true,"href":"https:\/\/community.skin.club\/fr\/wp-json\/wp\/v2\/tags?post=16760"}],"curies":[{"name":"wp","href":"https:\/\/api.w.org\/{rel}","templated":true}]}}