{"id":17305,"date":"2023-08-06T09:03:28","date_gmt":"2023-08-06T09:03:28","guid":{"rendered":"https:\/\/skin.club\/community\/articles-fr\/cloud9-met-fin-a-leur-parcours-a-liem-cologne-2023"},"modified":"2023-08-06T09:03:28","modified_gmt":"2023-08-06T09:03:28","slug":"cloud9-met-fin-a-leur-parcours-a-liem-cologne-2023","status":"publish","type":"post","link":"https:\/\/community.skin.club\/fr\/actualites\/cloud9-met-fin-a-leur-parcours-a-liem-cologne-2023","title":{"rendered":"Cloud9 met fin \u00e0 leur parcours \u00e0 l&rsquo;IEM Cologne 2023"},"content":{"rendered":"<h1 style=\"text-align: center;\">Cloud9 met fin \u00e0 leur parcours \u00e0 l\u2019IEM Cologne 2023<\/h1>\n<p>Cloud9 a perdu contre Team Vitality en quart de finale de l\u2019IEM Cologne 2023 avec un score de 2:0. On Mirage, the teams played with a score of 16:11, and on Inferno, 19:17.<\/p>\n<p>Le joueur de Cloud9 \u2013 Perfecto \u2013 a post\u00e9 sur leur cha\u00eene Telegram :<\/p>\n<p><em>\u00ab\u00a0Merci les gars pour le soutien, nous avons mal jou\u00e9, mais il y a des points positifs, nous savons d\u00e9j\u00e0 o\u00f9 et comment corriger nos erreurs, donc comme on dit, nous reviendrons plus forts !\u00a0\u00bb<\/em><\/p>\n<p>En demi-finale, Team Vitality affrontera l\u2019\u00e9quipe ENCE.<\/p>\n<p>La finale du tournoi aura lieu le 6 ao\u00fbt en Allemagne. Les \u00e9quipes se battent pour une cagnotte d\u2019un million de dollars et une place \u00e0 l\u2019IEM Katowice 2024.<\/p>\n<p>\u00a0<\/p>\n","protected":false},"excerpt":{"rendered":"<p>Cloud9 met fin \u00e0 leur parcours \u00e0 l\u2019IEM Cologne 2023 Cloud9 a perdu contre Team Vitality en quart de finale de l\u2019IEM Cologne 2023 avec un score de 2:0. On Mirage, the teams played with a score of 16:11, and on Inferno, 19:17. Le joueur de Cloud9 \u2013 Perfecto \u2013 a post\u00e9 sur leur cha\u00eene [&hellip;]<\/p>\n","protected":false},"author":5,"featured_media":16285,"comment_status":"open","ping_status":"open","sticky":false,"template":"","format":"standard","meta":{"_acf_changed":false,"footnotes":""},"categories":[147],"tags":[193],"class_list":["post-17305","post","type-post","status-publish","format-standard","has-post-thumbnail","hentry","category-actualites","tag-iem-cologne-2023"],"acf":[],"yoast_head":"<!-- This site is optimized with the Yoast SEO plugin v27.4 - https:\/\/yoast.com\/product\/yoast-seo-wordpress\/ -->\n<title>Cloud9 met fin \u00e0 leur parcours \u00e0 l&#039;IEM Cologne 2023 - CS2 &amp; CS:GO Articles, News, Events | Skin.Club Community<\/title>\n<meta name=\"description\" content=\"Cloud9 a perdu contre Team Vitality en quart de finale de l&#039;IEM Cologne 2023 avec un score de 2:0.\" \/>\n<meta name=\"robots\" content=\"index, follow, max-snippet:-1, max-image-preview:large, max-video-preview:-1\" \/>\n<link rel=\"canonical\" href=\"https:\/\/community.skin.club\/fr\/actualites\/cloud9-met-fin-a-leur-parcours-a-liem-cologne-2023\" \/>\n<meta property=\"og:locale\" content=\"fr_FR\" \/>\n<meta property=\"og:type\" content=\"article\" \/>\n<meta property=\"og:title\" content=\"Cloud9 met fin \u00e0 leur parcours \u00e0 l&#039;IEM Cologne 2023 - CS2 &amp; CS:GO Articles, News, Events | Skin.Club Community\" \/>\n<meta property=\"og:description\" content=\"Cloud9 a perdu contre Team Vitality en quart de finale de l&#039;IEM Cologne 2023 avec un score de 2:0.\" \/>\n<meta property=\"og:url\" content=\"https:\/\/community.skin.club\/fr\/actualites\/cloud9-met-fin-a-leur-parcours-a-liem-cologne-2023\" \/>\n<meta property=\"og:site_name\" content=\"CS2 &amp; CS:GO Articles, News, Events | Skin.Club Community\" \/>\n<meta property=\"article:published_time\" content=\"2023-08-06T09:03:28+00:00\" \/>\n<meta property=\"og:image\" content=\"http:\/\/community.skin.club\/wp-content\/uploads\/2023\/08\/image-13.png\" \/>\n\t<meta property=\"og:image:width\" content=\"730\" \/>\n\t<meta property=\"og:image:height\" content=\"365\" \/>\n\t<meta property=\"og:image:type\" content=\"image\/png\" \/>\n<meta name=\"author\" content=\"Emma Moore\" \/>\n<meta name=\"twitter:card\" content=\"summary_large_image\" \/>\n<meta name=\"twitter:label1\" content=\"\u00c9crit par\" \/>\n\t<meta name=\"twitter:data1\" content=\"Emma Moore\" \/>\n\t<meta name=\"twitter:label2\" content=\"Dur\u00e9e de lecture estim\u00e9e\" \/>\n\t<meta name=\"twitter:data2\" content=\"1 minute\" \/>\n<script type=\"application\/ld+json\" class=\"yoast-schema-graph\">{\"@context\":\"https:\\\/\\\/schema.org\",\"@graph\":[{\"@type\":\"Article\",\"@id\":\"https:\\\/\\\/community.skin.club\\\/fr\\\/actualites\\\/cloud9-met-fin-a-leur-parcours-a-liem-cologne-2023#article\",\"isPartOf\":{\"@id\":\"https:\\\/\\\/community.skin.club\\\/fr\\\/actualites\\\/cloud9-met-fin-a-leur-parcours-a-liem-cologne-2023\"},\"author\":{\"name\":\"Emma Moore\",\"@id\":\"https:\\\/\\\/community.skin.club\\\/fr#\\\/schema\\\/person\\\/7c4048de3edcf50399b6c03aa0db036b\"},\"headline\":\"Cloud9 met fin \u00e0 leur parcours \u00e0 l&rsquo;IEM Cologne 2023\",\"datePublished\":\"2023-08-06T09:03:28+00:00\",\"mainEntityOfPage\":{\"@id\":\"https:\\\/\\\/community.skin.club\\\/fr\\\/actualites\\\/cloud9-met-fin-a-leur-parcours-a-liem-cologne-2023\"},\"wordCount\":133,\"commentCount\":0,\"publisher\":{\"@id\":\"https:\\\/\\\/community.skin.club\\\/fr#organization\"},\"image\":{\"@id\":\"https:\\\/\\\/community.skin.club\\\/fr\\\/actualites\\\/cloud9-met-fin-a-leur-parcours-a-liem-cologne-2023#primaryimage\"},\"thumbnailUrl\":\"https:\\\/\\\/community.skin.club\\\/wp-content\\\/uploads\\\/2023\\\/08\\\/image-13.png\",\"keywords\":[\"IEM COLOGNE 2023\"],\"articleSection\":[\"Actualit\u00e9s\"],\"inLanguage\":\"fr-FR\",\"copyrightYear\":\"2023\",\"copyrightHolder\":{\"@id\":\"https:\\\/\\\/community.skin.club\\\/#organization\"},\"dateModified\":\"2023-08-06T09:03:28+00:00\"},{\"@type\":\"WebPage\",\"@id\":\"https:\\\/\\\/community.skin.club\\\/fr\\\/actualites\\\/cloud9-met-fin-a-leur-parcours-a-liem-cologne-2023\",\"url\":\"https:\\\/\\\/community.skin.club\\\/fr\\\/actualites\\\/cloud9-met-fin-a-leur-parcours-a-liem-cologne-2023\",\"name\":\"Cloud9 met fin \u00e0 leur parcours \u00e0 l'IEM Cologne 2023 - CS2 &amp; CS:GO Articles, News, Events | Skin.Club Community\",\"isPartOf\":{\"@id\":\"https:\\\/\\\/community.skin.club\\\/fr#website\"},\"primaryImageOfPage\":{\"@id\":\"https:\\\/\\\/community.skin.club\\\/fr\\\/actualites\\\/cloud9-met-fin-a-leur-parcours-a-liem-cologne-2023#primaryimage\"},\"image\":{\"@id\":\"https:\\\/\\\/community.skin.club\\\/fr\\\/actualites\\\/cloud9-met-fin-a-leur-parcours-a-liem-cologne-2023#primaryimage\"},\"thumbnailUrl\":\"https:\\\/\\\/community.skin.club\\\/wp-content\\\/uploads\\\/2023\\\/08\\\/image-13.png\",\"datePublished\":\"2023-08-06T09:03:28+00:00\",\"description\":\"Cloud9 a perdu contre Team Vitality en quart de finale de l'IEM Cologne 2023 avec un score de 2:0.\",\"breadcrumb\":{\"@id\":\"https:\\\/\\\/community.skin.club\\\/fr\\\/actualites\\\/cloud9-met-fin-a-leur-parcours-a-liem-cologne-2023#breadcrumb\"},\"inLanguage\":\"fr-FR\",\"potentialAction\":[{\"@type\":\"ReadAction\",\"target\":[\"https:\\\/\\\/community.skin.club\\\/fr\\\/actualites\\\/cloud9-met-fin-a-leur-parcours-a-liem-cologne-2023\"]}],\"dateModified\":\"2023-08-06T09:03:28+00:00\"},{\"@type\":\"ImageObject\",\"inLanguage\":\"fr-FR\",\"@id\":\"https:\\\/\\\/community.skin.club\\\/fr\\\/actualites\\\/cloud9-met-fin-a-leur-parcours-a-liem-cologne-2023#primaryimage\",\"url\":\"https:\\\/\\\/community.skin.club\\\/wp-content\\\/uploads\\\/2023\\\/08\\\/image-13.png\",\"contentUrl\":\"https:\\\/\\\/community.skin.club\\\/wp-content\\\/uploads\\\/2023\\\/08\\\/image-13.png\",\"width\":730,\"height\":365,\"caption\":\"Cloud9 End Their Run at IEM Cologne 2023\"},{\"@type\":\"BreadcrumbList\",\"@id\":\"https:\\\/\\\/community.skin.club\\\/fr\\\/actualites\\\/cloud9-met-fin-a-leur-parcours-a-liem-cologne-2023#breadcrumb\",\"itemListElement\":[{\"@type\":\"ListItem\",\"position\":1,\"name\":\"Communaut\u00e9\",\"item\":\"https:\\\/\\\/community.skin.club\\\/fr\"},{\"@type\":\"ListItem\",\"position\":2,\"name\":\"Actualit\u00e9s\",\"item\":\"https:\\\/\\\/community.skin.club\\\/fr\\\/actualites\"},{\"@type\":\"ListItem\",\"position\":3,\"name\":\"Cloud9 met fin \u00e0 leur parcours \u00e0 l&#8217;IEM Cologne 2023\"}]},{\"@type\":\"WebSite\",\"@id\":\"https:\\\/\\\/community.skin.club\\\/fr#website\",\"url\":\"https:\\\/\\\/community.skin.club\\\/fr\",\"name\":\"Skin.Club Community \u2014 CS2 News, Articles & Events\",\"description\":\"CS:GO\",\"publisher\":{\"@id\":\"https:\\\/\\\/community.skin.club\\\/fr#organization\"},\"alternateName\":\"CS2 Community\",\"potentialAction\":[{\"@type\":\"SearchAction\",\"target\":{\"@type\":\"EntryPoint\",\"urlTemplate\":\"https:\\\/\\\/community.skin.club\\\/fr?s={search_term_string}\"},\"query-input\":{\"@type\":\"PropertyValueSpecification\",\"valueRequired\":true,\"valueName\":\"search_term_string\"}}],\"inLanguage\":\"fr-FR\"},{\"@type\":\"Organization\",\"@id\":\"https:\\\/\\\/community.skin.club\\\/fr#organization\",\"name\":\"SkinClub\",\"url\":\"https:\\\/\\\/community.skin.club\\\/fr\",\"logo\":{\"@type\":\"ImageObject\",\"inLanguage\":\"fr-FR\",\"@id\":\"https:\\\/\\\/community.skin.club\\\/fr#\\\/schema\\\/logo\\\/image\\\/\",\"url\":\"https:\\\/\\\/community.skin.club\\\/wp-content\\\/uploads\\\/2022\\\/07\\\/logo-1-1.png\",\"contentUrl\":\"https:\\\/\\\/community.skin.club\\\/wp-content\\\/uploads\\\/2022\\\/07\\\/logo-1-1.png\",\"width\":512,\"height\":490,\"caption\":\"SkinClub\"},\"image\":{\"@id\":\"https:\\\/\\\/community.skin.club\\\/fr#\\\/schema\\\/logo\\\/image\\\/\"}},{\"@type\":\"Person\",\"@id\":\"https:\\\/\\\/community.skin.club\\\/fr#\\\/schema\\\/person\\\/7c4048de3edcf50399b6c03aa0db036b\",\"name\":\"Emma Moore\",\"image\":{\"@type\":\"ImageObject\",\"inLanguage\":\"fr-FR\",\"@id\":\"https:\\\/\\\/community.skin.club\\\/wp-content\\\/uploads\\\/2025\\\/10\\\/EMMA-MOORE-01.png\",\"url\":\"https:\\\/\\\/community.skin.club\\\/wp-content\\\/uploads\\\/2025\\\/10\\\/EMMA-MOORE-01.png\",\"contentUrl\":\"https:\\\/\\\/community.skin.club\\\/wp-content\\\/uploads\\\/2025\\\/10\\\/EMMA-MOORE-01.png\",\"caption\":\"Emma Moore\"},\"description\":\"An American journalist. She was an editor for popular newspapers and actively follows Counter-Strike matches as a viewer.\",\"url\":\"https:\\\/\\\/community.skin.club\\\/fr\\\/members\\\/emma-moore\"}]}<\/script>\n<!-- \/ Yoast SEO plugin. -->","yoast_head_json":{"title":"Cloud9 met fin \u00e0 leur parcours \u00e0 l'IEM Cologne 2023 - CS2 &amp; CS:GO Articles, News, Events | Skin.Club Community","description":"Cloud9 a perdu contre Team Vitality en quart de finale de l'IEM Cologne 2023 avec un score de 2:0.","robots":{"index":"index","follow":"follow","max-snippet":"max-snippet:-1","max-image-preview":"max-image-preview:large","max-video-preview":"max-video-preview:-1"},"canonical":"https:\/\/community.skin.club\/fr\/actualites\/cloud9-met-fin-a-leur-parcours-a-liem-cologne-2023","og_locale":"fr_FR","og_type":"article","og_title":"Cloud9 met fin \u00e0 leur parcours \u00e0 l'IEM Cologne 2023 - CS2 &amp; CS:GO Articles, News, Events | Skin.Club Community","og_description":"Cloud9 a perdu contre Team Vitality en quart de finale de l'IEM Cologne 2023 avec un score de 2:0.","og_url":"https:\/\/community.skin.club\/fr\/actualites\/cloud9-met-fin-a-leur-parcours-a-liem-cologne-2023","og_site_name":"CS2 &amp; CS:GO Articles, News, Events | Skin.Club Community","article_published_time":"2023-08-06T09:03:28+00:00","og_image":[{"width":730,"height":365,"url":"http:\/\/community.skin.club\/wp-content\/uploads\/2023\/08\/image-13.png","type":"image\/png"}],"author":"Emma Moore","twitter_card":"summary_large_image","twitter_misc":{"\u00c9crit par":"Emma Moore","Dur\u00e9e de lecture estim\u00e9e":"1 minute"},"schema":{"@context":"https:\/\/schema.org","@graph":[{"@type":"Article","@id":"https:\/\/community.skin.club\/fr\/actualites\/cloud9-met-fin-a-leur-parcours-a-liem-cologne-2023#article","isPartOf":{"@id":"https:\/\/community.skin.club\/fr\/actualites\/cloud9-met-fin-a-leur-parcours-a-liem-cologne-2023"},"author":{"name":"Emma Moore","@id":"https:\/\/community.skin.club\/fr#\/schema\/person\/7c4048de3edcf50399b6c03aa0db036b"},"headline":"Cloud9 met fin \u00e0 leur parcours \u00e0 l&rsquo;IEM Cologne 2023","datePublished":"2023-08-06T09:03:28+00:00","mainEntityOfPage":{"@id":"https:\/\/community.skin.club\/fr\/actualites\/cloud9-met-fin-a-leur-parcours-a-liem-cologne-2023"},"wordCount":133,"commentCount":0,"publisher":{"@id":"https:\/\/community.skin.club\/fr#organization"},"image":{"@id":"https:\/\/community.skin.club\/fr\/actualites\/cloud9-met-fin-a-leur-parcours-a-liem-cologne-2023#primaryimage"},"thumbnailUrl":"https:\/\/community.skin.club\/wp-content\/uploads\/2023\/08\/image-13.png","keywords":["IEM COLOGNE 2023"],"articleSection":["Actualit\u00e9s"],"inLanguage":"fr-FR","copyrightYear":"2023","copyrightHolder":{"@id":"https:\/\/community.skin.club\/#organization"},"dateModified":"2023-08-06T09:03:28+00:00"},{"@type":"WebPage","@id":"https:\/\/community.skin.club\/fr\/actualites\/cloud9-met-fin-a-leur-parcours-a-liem-cologne-2023","url":"https:\/\/community.skin.club\/fr\/actualites\/cloud9-met-fin-a-leur-parcours-a-liem-cologne-2023","name":"Cloud9 met fin \u00e0 leur parcours \u00e0 l'IEM Cologne 2023 - CS2 &amp; CS:GO Articles, News, Events | Skin.Club Community","isPartOf":{"@id":"https:\/\/community.skin.club\/fr#website"},"primaryImageOfPage":{"@id":"https:\/\/community.skin.club\/fr\/actualites\/cloud9-met-fin-a-leur-parcours-a-liem-cologne-2023#primaryimage"},"image":{"@id":"https:\/\/community.skin.club\/fr\/actualites\/cloud9-met-fin-a-leur-parcours-a-liem-cologne-2023#primaryimage"},"thumbnailUrl":"https:\/\/community.skin.club\/wp-content\/uploads\/2023\/08\/image-13.png","datePublished":"2023-08-06T09:03:28+00:00","description":"Cloud9 a perdu contre Team Vitality en quart de finale de l'IEM Cologne 2023 avec un score de 2:0.","breadcrumb":{"@id":"https:\/\/community.skin.club\/fr\/actualites\/cloud9-met-fin-a-leur-parcours-a-liem-cologne-2023#breadcrumb"},"inLanguage":"fr-FR","potentialAction":[{"@type":"ReadAction","target":["https:\/\/community.skin.club\/fr\/actualites\/cloud9-met-fin-a-leur-parcours-a-liem-cologne-2023"]}],"dateModified":"2023-08-06T09:03:28+00:00"},{"@type":"ImageObject","inLanguage":"fr-FR","@id":"https:\/\/community.skin.club\/fr\/actualites\/cloud9-met-fin-a-leur-parcours-a-liem-cologne-2023#primaryimage","url":"https:\/\/community.skin.club\/wp-content\/uploads\/2023\/08\/image-13.png","contentUrl":"https:\/\/community.skin.club\/wp-content\/uploads\/2023\/08\/image-13.png","width":730,"height":365,"caption":"Cloud9 End Their Run at IEM Cologne 2023"},{"@type":"BreadcrumbList","@id":"https:\/\/community.skin.club\/fr\/actualites\/cloud9-met-fin-a-leur-parcours-a-liem-cologne-2023#breadcrumb","itemListElement":[{"@type":"ListItem","position":1,"name":"Communaut\u00e9","item":"https:\/\/community.skin.club\/fr"},{"@type":"ListItem","position":2,"name":"Actualit\u00e9s","item":"https:\/\/community.skin.club\/fr\/actualites"},{"@type":"ListItem","position":3,"name":"Cloud9 met fin \u00e0 leur parcours \u00e0 l&#8217;IEM Cologne 2023"}]},{"@type":"WebSite","@id":"https:\/\/community.skin.club\/fr#website","url":"https:\/\/community.skin.club\/fr","name":"Skin.Club Community \u2014 CS2 News, Articles & Events","description":"CS:GO","publisher":{"@id":"https:\/\/community.skin.club\/fr#organization"},"alternateName":"CS2 Community","potentialAction":[{"@type":"SearchAction","target":{"@type":"EntryPoint","urlTemplate":"https:\/\/community.skin.club\/fr?s={search_term_string}"},"query-input":{"@type":"PropertyValueSpecification","valueRequired":true,"valueName":"search_term_string"}}],"inLanguage":"fr-FR"},{"@type":"Organization","@id":"https:\/\/community.skin.club\/fr#organization","name":"SkinClub","url":"https:\/\/community.skin.club\/fr","logo":{"@type":"ImageObject","inLanguage":"fr-FR","@id":"https:\/\/community.skin.club\/fr#\/schema\/logo\/image\/","url":"https:\/\/community.skin.club\/wp-content\/uploads\/2022\/07\/logo-1-1.png","contentUrl":"https:\/\/community.skin.club\/wp-content\/uploads\/2022\/07\/logo-1-1.png","width":512,"height":490,"caption":"SkinClub"},"image":{"@id":"https:\/\/community.skin.club\/fr#\/schema\/logo\/image\/"}},{"@type":"Person","@id":"https:\/\/community.skin.club\/fr#\/schema\/person\/7c4048de3edcf50399b6c03aa0db036b","name":"Emma Moore","image":{"@type":"ImageObject","inLanguage":"fr-FR","@id":"https:\/\/community.skin.club\/wp-content\/uploads\/2025\/10\/EMMA-MOORE-01.png","url":"https:\/\/community.skin.club\/wp-content\/uploads\/2025\/10\/EMMA-MOORE-01.png","contentUrl":"https:\/\/community.skin.club\/wp-content\/uploads\/2025\/10\/EMMA-MOORE-01.png","caption":"Emma Moore"},"description":"An American journalist. She was an editor for popular newspapers and actively follows Counter-Strike matches as a viewer.","url":"https:\/\/community.skin.club\/fr\/members\/emma-moore"}]}},"_links":{"self":[{"href":"https:\/\/community.skin.club\/fr\/wp-json\/wp\/v2\/posts\/17305","targetHints":{"allow":["GET"]}}],"collection":[{"href":"https:\/\/community.skin.club\/fr\/wp-json\/wp\/v2\/posts"}],"about":[{"href":"https:\/\/community.skin.club\/fr\/wp-json\/wp\/v2\/types\/post"}],"author":[{"embeddable":true,"href":"https:\/\/community.skin.club\/fr\/wp-json\/wp\/v2\/users\/5"}],"replies":[{"embeddable":true,"href":"https:\/\/community.skin.club\/fr\/wp-json\/wp\/v2\/comments?post=17305"}],"version-history":[{"count":0,"href":"https:\/\/community.skin.club\/fr\/wp-json\/wp\/v2\/posts\/17305\/revisions"}],"wp:featuredmedia":[{"embeddable":true,"href":"https:\/\/community.skin.club\/fr\/wp-json\/wp\/v2\/media\/16285"}],"wp:attachment":[{"href":"https:\/\/community.skin.club\/fr\/wp-json\/wp\/v2\/media?parent=17305"}],"wp:term":[{"taxonomy":"category","embeddable":true,"href":"https:\/\/community.skin.club\/fr\/wp-json\/wp\/v2\/categories?post=17305"},{"taxonomy":"post_tag","embeddable":true,"href":"https:\/\/community.skin.club\/fr\/wp-json\/wp\/v2\/tags?post=17305"}],"curies":[{"name":"wp","href":"https:\/\/api.w.org\/{rel}","templated":true}]}}