{"id":16765,"date":"2023-07-29T14:52:57","date_gmt":"2023-07-29T14:52:57","guid":{"rendered":"https:\/\/skin.club\/community\/artykuly\/buster-bedzie-rywalizowal-w-barwach-cloud-9-na-iem-cologne-2023"},"modified":"2023-08-11T12:32:36","modified_gmt":"2023-08-11T12:32:36","slug":"buster-bedzie-rywalizowal-w-barwach-cloud-9-na-iem-cologne-2023","status":"publish","type":"post","link":"https:\/\/community.skin.club\/pl\/aktualnosci\/buster-bedzie-rywalizowal-w-barwach-cloud-9-na-iem-cologne-2023","title":{"rendered":"Buster b\u0119dzie rywalizowa\u0142 w barwach Cloud 9 na IEM Cologne 2023"},"content":{"rendered":"<h1 style=\"text-align: center;\"><span style=\"font-weight: 400;\">Buster b\u0119dzie rywalizowa\u0142 w barwach Cloud 9 na IEM Cologne 2023<\/span><\/h1>\n<p><span style=\"font-weight: 400;\">Timur \u201e<\/span><a href=\"https:\/\/www.cybersport.ru\/players\/cs-go\/busterjkee6950\"><span style=\"font-weight: 400;\">Buster<\/span><\/a><span style=\"font-weight: 400;\">\u201d Tulepov pojawi si\u0119 ponownie na turnieju w barwach Cloud 9, zgodnie z o\u015bwiadczeniem organizacji opublikowanym w mediach spo\u0142eczno\u015bciowych.<\/span><\/p>\n<p><span style=\"font-weight: 400;\">Buster b\u0119dzie zast\u0119powa\u0142 Ax1Le, kt\u00f3ry z powodu problem\u00f3w technicznych nie zd\u0105\u017cy\u0142 na czas uzyska\u0107 wizy do Niemiec.<\/span><\/p>\n<p><span style=\"font-weight: 400;\">Oczekuje si\u0119, \u017ce Buster b\u0119dzie bra\u0142 udzia\u0142 w ca\u0142ej fazie grupowej turnieju. A jedynie w przypadku, je\u015bli Cloud 9 awansuje do fazy play-off, zostanie zast\u0105piony przez Ax1Le.<\/span><\/p>\n<p>\u00a0<\/p>\n","protected":false},"excerpt":{"rendered":"<p>Buster b\u0119dzie rywalizowa\u0142 w barwach Cloud 9 na IEM Cologne 2023 Timur \u201eBuster\u201d Tulepov pojawi si\u0119 ponownie na turnieju w barwach Cloud 9, zgodnie z o\u015bwiadczeniem organizacji opublikowanym w mediach spo\u0142eczno\u015bciowych. Buster b\u0119dzie zast\u0119powa\u0142 Ax1Le, kt\u00f3ry z powodu problem\u00f3w technicznych nie zd\u0105\u017cy\u0142 na czas uzyska\u0107 wizy do Niemiec. Oczekuje si\u0119, \u017ce Buster b\u0119dzie bra\u0142 udzia\u0142 [&hellip;]<\/p>\n","protected":false},"author":5,"featured_media":15808,"comment_status":"open","ping_status":"open","sticky":false,"template":"","format":"standard","meta":{"_acf_changed":false,"footnotes":""},"categories":[151],"tags":[196],"class_list":["post-16765","post","type-post","status-publish","format-standard","has-post-thumbnail","hentry","category-aktualnosci","tag-iem-cologne-2023-pl"],"acf":[],"yoast_head":"<!-- This site is optimized with the Yoast SEO plugin v27.4 - https:\/\/yoast.com\/product\/yoast-seo-wordpress\/ -->\n<title>Buster b\u0119dzie rywalizowa\u0142 w barwach Cloud 9 na IEM Cologne 2023 - CS2 &amp; CS:GO Articles, News, Events | Skin.Club Community<\/title>\n<meta name=\"robots\" content=\"index, follow, max-snippet:-1, max-image-preview:large, max-video-preview:-1\" \/>\n<link rel=\"canonical\" href=\"https:\/\/community.skin.club\/pl\/aktualnosci\/buster-bedzie-rywalizowal-w-barwach-cloud-9-na-iem-cologne-2023\" \/>\n<meta property=\"og:locale\" content=\"pl_PL\" \/>\n<meta property=\"og:type\" content=\"article\" \/>\n<meta property=\"og:title\" content=\"Buster b\u0119dzie rywalizowa\u0142 w barwach Cloud 9 na IEM Cologne 2023 - CS2 &amp; CS:GO Articles, News, Events | Skin.Club Community\" \/>\n<meta property=\"og:description\" content=\"Buster b\u0119dzie rywalizowa\u0142 w barwach Cloud 9 na IEM Cologne 2023 Timur \u201eBuster\u201d Tulepov pojawi si\u0119 ponownie na turnieju w barwach Cloud 9, zgodnie z o\u015bwiadczeniem organizacji opublikowanym w mediach spo\u0142eczno\u015bciowych. Buster b\u0119dzie zast\u0119powa\u0142 Ax1Le, kt\u00f3ry z powodu problem\u00f3w technicznych nie zd\u0105\u017cy\u0142 na czas uzyska\u0107 wizy do Niemiec. Oczekuje si\u0119, \u017ce Buster b\u0119dzie bra\u0142 udzia\u0142 [&hellip;]\" \/>\n<meta property=\"og:url\" content=\"https:\/\/community.skin.club\/pl\/aktualnosci\/buster-bedzie-rywalizowal-w-barwach-cloud-9-na-iem-cologne-2023\" \/>\n<meta property=\"og:site_name\" content=\"CS2 &amp; CS:GO Articles, News, Events | Skin.Club Community\" \/>\n<meta property=\"article:published_time\" content=\"2023-07-29T14:52:57+00:00\" \/>\n<meta property=\"article:modified_time\" content=\"2023-08-11T12:32:36+00:00\" \/>\n<meta property=\"og:image\" content=\"http:\/\/community.skin.club\/wp-content\/uploads\/2023\/07\/news7.jpg\" \/>\n\t<meta property=\"og:image:width\" content=\"1920\" \/>\n\t<meta property=\"og:image:height\" content=\"1080\" \/>\n\t<meta property=\"og:image:type\" content=\"image\/jpeg\" \/>\n<meta name=\"author\" content=\"Emma Moore\" \/>\n<meta name=\"twitter:card\" content=\"summary_large_image\" \/>\n<meta name=\"twitter:label1\" content=\"Napisane przez\" \/>\n\t<meta name=\"twitter:data1\" content=\"Emma Moore\" \/>\n<script type=\"application\/ld+json\" class=\"yoast-schema-graph\">{\"@context\":\"https:\\\/\\\/schema.org\",\"@graph\":[{\"@type\":\"Article\",\"@id\":\"https:\\\/\\\/community.skin.club\\\/pl\\\/aktualnosci\\\/buster-bedzie-rywalizowal-w-barwach-cloud-9-na-iem-cologne-2023#article\",\"isPartOf\":{\"@id\":\"https:\\\/\\\/community.skin.club\\\/pl\\\/aktualnosci\\\/buster-bedzie-rywalizowal-w-barwach-cloud-9-na-iem-cologne-2023\"},\"author\":{\"name\":\"Emma Moore\",\"@id\":\"https:\\\/\\\/community.skin.club\\\/pl#\\\/schema\\\/person\\\/7c4048de3edcf50399b6c03aa0db036b\"},\"headline\":\"Buster b\u0119dzie rywalizowa\u0142 w barwach Cloud 9 na IEM Cologne 2023\",\"datePublished\":\"2023-07-29T14:52:57+00:00\",\"dateModified\":\"2023-08-11T12:32:36+00:00\",\"mainEntityOfPage\":{\"@id\":\"https:\\\/\\\/community.skin.club\\\/pl\\\/aktualnosci\\\/buster-bedzie-rywalizowal-w-barwach-cloud-9-na-iem-cologne-2023\"},\"wordCount\":97,\"commentCount\":0,\"publisher\":{\"@id\":\"https:\\\/\\\/community.skin.club\\\/pl#organization\"},\"image\":{\"@id\":\"https:\\\/\\\/community.skin.club\\\/pl\\\/aktualnosci\\\/buster-bedzie-rywalizowal-w-barwach-cloud-9-na-iem-cologne-2023#primaryimage\"},\"thumbnailUrl\":\"https:\\\/\\\/community.skin.club\\\/wp-content\\\/uploads\\\/2023\\\/07\\\/news7.jpg\",\"keywords\":[\"IEM COLOGNE 2023\"],\"articleSection\":[\"Aktualno\u015bci\"],\"inLanguage\":\"pl-PL\",\"copyrightYear\":\"2023\",\"copyrightHolder\":{\"@id\":\"https:\\\/\\\/community.skin.club\\\/#organization\"}},{\"@type\":\"WebPage\",\"@id\":\"https:\\\/\\\/community.skin.club\\\/pl\\\/aktualnosci\\\/buster-bedzie-rywalizowal-w-barwach-cloud-9-na-iem-cologne-2023\",\"url\":\"https:\\\/\\\/community.skin.club\\\/pl\\\/aktualnosci\\\/buster-bedzie-rywalizowal-w-barwach-cloud-9-na-iem-cologne-2023\",\"name\":\"Buster b\u0119dzie rywalizowa\u0142 w barwach Cloud 9 na IEM Cologne 2023 - CS2 &amp; CS:GO Articles, News, Events | Skin.Club Community\",\"isPartOf\":{\"@id\":\"https:\\\/\\\/community.skin.club\\\/pl#website\"},\"primaryImageOfPage\":{\"@id\":\"https:\\\/\\\/community.skin.club\\\/pl\\\/aktualnosci\\\/buster-bedzie-rywalizowal-w-barwach-cloud-9-na-iem-cologne-2023#primaryimage\"},\"image\":{\"@id\":\"https:\\\/\\\/community.skin.club\\\/pl\\\/aktualnosci\\\/buster-bedzie-rywalizowal-w-barwach-cloud-9-na-iem-cologne-2023#primaryimage\"},\"thumbnailUrl\":\"https:\\\/\\\/community.skin.club\\\/wp-content\\\/uploads\\\/2023\\\/07\\\/news7.jpg\",\"datePublished\":\"2023-07-29T14:52:57+00:00\",\"dateModified\":\"2023-08-11T12:32:36+00:00\",\"breadcrumb\":{\"@id\":\"https:\\\/\\\/community.skin.club\\\/pl\\\/aktualnosci\\\/buster-bedzie-rywalizowal-w-barwach-cloud-9-na-iem-cologne-2023#breadcrumb\"},\"inLanguage\":\"pl-PL\",\"potentialAction\":[{\"@type\":\"ReadAction\",\"target\":[\"https:\\\/\\\/community.skin.club\\\/pl\\\/aktualnosci\\\/buster-bedzie-rywalizowal-w-barwach-cloud-9-na-iem-cologne-2023\"]}]},{\"@type\":\"ImageObject\",\"inLanguage\":\"pl-PL\",\"@id\":\"https:\\\/\\\/community.skin.club\\\/pl\\\/aktualnosci\\\/buster-bedzie-rywalizowal-w-barwach-cloud-9-na-iem-cologne-2023#primaryimage\",\"url\":\"https:\\\/\\\/community.skin.club\\\/wp-content\\\/uploads\\\/2023\\\/07\\\/news7.jpg\",\"contentUrl\":\"https:\\\/\\\/community.skin.club\\\/wp-content\\\/uploads\\\/2023\\\/07\\\/news7.jpg\",\"width\":1920,\"height\":1080,\"caption\":\"Buster will compete for Cloud 9\"},{\"@type\":\"BreadcrumbList\",\"@id\":\"https:\\\/\\\/community.skin.club\\\/pl\\\/aktualnosci\\\/buster-bedzie-rywalizowal-w-barwach-cloud-9-na-iem-cologne-2023#breadcrumb\",\"itemListElement\":[{\"@type\":\"ListItem\",\"position\":1,\"name\":\"Spo\u0142eczno\u015b\u0107\",\"item\":\"https:\\\/\\\/community.skin.club\\\/pl\"},{\"@type\":\"ListItem\",\"position\":2,\"name\":\"Aktualno\u015bci\",\"item\":\"https:\\\/\\\/community.skin.club\\\/pl\\\/aktualnosci\"},{\"@type\":\"ListItem\",\"position\":3,\"name\":\"Buster b\u0119dzie rywalizowa\u0142 w barwach Cloud 9 na IEM Cologne 2023\"}]},{\"@type\":\"WebSite\",\"@id\":\"https:\\\/\\\/community.skin.club\\\/pl#website\",\"url\":\"https:\\\/\\\/community.skin.club\\\/pl\",\"name\":\"Skin.Club Community \u2014 CS2 News, Articles & Events\",\"description\":\"CS2 &amp; CS:GO Articles, News, Events | Skin.Club Community\",\"publisher\":{\"@id\":\"https:\\\/\\\/community.skin.club\\\/pl#organization\"},\"alternateName\":\"CS2 Community\",\"potentialAction\":[{\"@type\":\"SearchAction\",\"target\":{\"@type\":\"EntryPoint\",\"urlTemplate\":\"https:\\\/\\\/community.skin.club\\\/pl?s={search_term_string}\"},\"query-input\":{\"@type\":\"PropertyValueSpecification\",\"valueRequired\":true,\"valueName\":\"search_term_string\"}}],\"inLanguage\":\"pl-PL\"},{\"@type\":\"Organization\",\"@id\":\"https:\\\/\\\/community.skin.club\\\/pl#organization\",\"name\":\"SkinClub\",\"url\":\"https:\\\/\\\/community.skin.club\\\/pl\",\"logo\":{\"@type\":\"ImageObject\",\"inLanguage\":\"pl-PL\",\"@id\":\"https:\\\/\\\/community.skin.club\\\/pl#\\\/schema\\\/logo\\\/image\\\/\",\"url\":\"https:\\\/\\\/community.skin.club\\\/wp-content\\\/uploads\\\/2022\\\/07\\\/logo-1-1.png\",\"contentUrl\":\"https:\\\/\\\/community.skin.club\\\/wp-content\\\/uploads\\\/2022\\\/07\\\/logo-1-1.png\",\"width\":512,\"height\":490,\"caption\":\"SkinClub\"},\"image\":{\"@id\":\"https:\\\/\\\/community.skin.club\\\/pl#\\\/schema\\\/logo\\\/image\\\/\"}},{\"@type\":\"Person\",\"@id\":\"https:\\\/\\\/community.skin.club\\\/pl#\\\/schema\\\/person\\\/7c4048de3edcf50399b6c03aa0db036b\",\"name\":\"Emma Moore\",\"image\":{\"@type\":\"ImageObject\",\"inLanguage\":\"pl-PL\",\"@id\":\"https:\\\/\\\/community.skin.club\\\/wp-content\\\/uploads\\\/2025\\\/10\\\/EMMA-MOORE-01.png\",\"url\":\"https:\\\/\\\/community.skin.club\\\/wp-content\\\/uploads\\\/2025\\\/10\\\/EMMA-MOORE-01.png\",\"contentUrl\":\"https:\\\/\\\/community.skin.club\\\/wp-content\\\/uploads\\\/2025\\\/10\\\/EMMA-MOORE-01.png\",\"caption\":\"Emma Moore\"},\"description\":\"An American journalist. She was an editor for popular newspapers and actively follows Counter-Strike matches as a viewer.\",\"url\":\"https:\\\/\\\/community.skin.club\\\/pl\\\/members\\\/emma-moore\"}]}<\/script>\n<!-- \/ Yoast SEO plugin. -->","yoast_head_json":{"title":"Buster b\u0119dzie rywalizowa\u0142 w barwach Cloud 9 na IEM Cologne 2023 - CS2 &amp; CS:GO Articles, News, Events | Skin.Club Community","robots":{"index":"index","follow":"follow","max-snippet":"max-snippet:-1","max-image-preview":"max-image-preview:large","max-video-preview":"max-video-preview:-1"},"canonical":"https:\/\/community.skin.club\/pl\/aktualnosci\/buster-bedzie-rywalizowal-w-barwach-cloud-9-na-iem-cologne-2023","og_locale":"pl_PL","og_type":"article","og_title":"Buster b\u0119dzie rywalizowa\u0142 w barwach Cloud 9 na IEM Cologne 2023 - CS2 &amp; CS:GO Articles, News, Events | Skin.Club Community","og_description":"Buster b\u0119dzie rywalizowa\u0142 w barwach Cloud 9 na IEM Cologne 2023 Timur \u201eBuster\u201d Tulepov pojawi si\u0119 ponownie na turnieju w barwach Cloud 9, zgodnie z o\u015bwiadczeniem organizacji opublikowanym w mediach spo\u0142eczno\u015bciowych. Buster b\u0119dzie zast\u0119powa\u0142 Ax1Le, kt\u00f3ry z powodu problem\u00f3w technicznych nie zd\u0105\u017cy\u0142 na czas uzyska\u0107 wizy do Niemiec. Oczekuje si\u0119, \u017ce Buster b\u0119dzie bra\u0142 udzia\u0142 [&hellip;]","og_url":"https:\/\/community.skin.club\/pl\/aktualnosci\/buster-bedzie-rywalizowal-w-barwach-cloud-9-na-iem-cologne-2023","og_site_name":"CS2 &amp; CS:GO Articles, News, Events | Skin.Club Community","article_published_time":"2023-07-29T14:52:57+00:00","article_modified_time":"2023-08-11T12:32:36+00:00","og_image":[{"width":1920,"height":1080,"url":"http:\/\/community.skin.club\/wp-content\/uploads\/2023\/07\/news7.jpg","type":"image\/jpeg"}],"author":"Emma Moore","twitter_card":"summary_large_image","twitter_misc":{"Napisane przez":"Emma Moore"},"schema":{"@context":"https:\/\/schema.org","@graph":[{"@type":"Article","@id":"https:\/\/community.skin.club\/pl\/aktualnosci\/buster-bedzie-rywalizowal-w-barwach-cloud-9-na-iem-cologne-2023#article","isPartOf":{"@id":"https:\/\/community.skin.club\/pl\/aktualnosci\/buster-bedzie-rywalizowal-w-barwach-cloud-9-na-iem-cologne-2023"},"author":{"name":"Emma Moore","@id":"https:\/\/community.skin.club\/pl#\/schema\/person\/7c4048de3edcf50399b6c03aa0db036b"},"headline":"Buster b\u0119dzie rywalizowa\u0142 w barwach Cloud 9 na IEM Cologne 2023","datePublished":"2023-07-29T14:52:57+00:00","dateModified":"2023-08-11T12:32:36+00:00","mainEntityOfPage":{"@id":"https:\/\/community.skin.club\/pl\/aktualnosci\/buster-bedzie-rywalizowal-w-barwach-cloud-9-na-iem-cologne-2023"},"wordCount":97,"commentCount":0,"publisher":{"@id":"https:\/\/community.skin.club\/pl#organization"},"image":{"@id":"https:\/\/community.skin.club\/pl\/aktualnosci\/buster-bedzie-rywalizowal-w-barwach-cloud-9-na-iem-cologne-2023#primaryimage"},"thumbnailUrl":"https:\/\/community.skin.club\/wp-content\/uploads\/2023\/07\/news7.jpg","keywords":["IEM COLOGNE 2023"],"articleSection":["Aktualno\u015bci"],"inLanguage":"pl-PL","copyrightYear":"2023","copyrightHolder":{"@id":"https:\/\/community.skin.club\/#organization"}},{"@type":"WebPage","@id":"https:\/\/community.skin.club\/pl\/aktualnosci\/buster-bedzie-rywalizowal-w-barwach-cloud-9-na-iem-cologne-2023","url":"https:\/\/community.skin.club\/pl\/aktualnosci\/buster-bedzie-rywalizowal-w-barwach-cloud-9-na-iem-cologne-2023","name":"Buster b\u0119dzie rywalizowa\u0142 w barwach Cloud 9 na IEM Cologne 2023 - CS2 &amp; CS:GO Articles, News, Events | Skin.Club Community","isPartOf":{"@id":"https:\/\/community.skin.club\/pl#website"},"primaryImageOfPage":{"@id":"https:\/\/community.skin.club\/pl\/aktualnosci\/buster-bedzie-rywalizowal-w-barwach-cloud-9-na-iem-cologne-2023#primaryimage"},"image":{"@id":"https:\/\/community.skin.club\/pl\/aktualnosci\/buster-bedzie-rywalizowal-w-barwach-cloud-9-na-iem-cologne-2023#primaryimage"},"thumbnailUrl":"https:\/\/community.skin.club\/wp-content\/uploads\/2023\/07\/news7.jpg","datePublished":"2023-07-29T14:52:57+00:00","dateModified":"2023-08-11T12:32:36+00:00","breadcrumb":{"@id":"https:\/\/community.skin.club\/pl\/aktualnosci\/buster-bedzie-rywalizowal-w-barwach-cloud-9-na-iem-cologne-2023#breadcrumb"},"inLanguage":"pl-PL","potentialAction":[{"@type":"ReadAction","target":["https:\/\/community.skin.club\/pl\/aktualnosci\/buster-bedzie-rywalizowal-w-barwach-cloud-9-na-iem-cologne-2023"]}]},{"@type":"ImageObject","inLanguage":"pl-PL","@id":"https:\/\/community.skin.club\/pl\/aktualnosci\/buster-bedzie-rywalizowal-w-barwach-cloud-9-na-iem-cologne-2023#primaryimage","url":"https:\/\/community.skin.club\/wp-content\/uploads\/2023\/07\/news7.jpg","contentUrl":"https:\/\/community.skin.club\/wp-content\/uploads\/2023\/07\/news7.jpg","width":1920,"height":1080,"caption":"Buster will compete for Cloud 9"},{"@type":"BreadcrumbList","@id":"https:\/\/community.skin.club\/pl\/aktualnosci\/buster-bedzie-rywalizowal-w-barwach-cloud-9-na-iem-cologne-2023#breadcrumb","itemListElement":[{"@type":"ListItem","position":1,"name":"Spo\u0142eczno\u015b\u0107","item":"https:\/\/community.skin.club\/pl"},{"@type":"ListItem","position":2,"name":"Aktualno\u015bci","item":"https:\/\/community.skin.club\/pl\/aktualnosci"},{"@type":"ListItem","position":3,"name":"Buster b\u0119dzie rywalizowa\u0142 w barwach Cloud 9 na IEM Cologne 2023"}]},{"@type":"WebSite","@id":"https:\/\/community.skin.club\/pl#website","url":"https:\/\/community.skin.club\/pl","name":"Skin.Club Community \u2014 CS2 News, Articles & Events","description":"CS2 &amp; CS:GO Articles, News, Events | Skin.Club Community","publisher":{"@id":"https:\/\/community.skin.club\/pl#organization"},"alternateName":"CS2 Community","potentialAction":[{"@type":"SearchAction","target":{"@type":"EntryPoint","urlTemplate":"https:\/\/community.skin.club\/pl?s={search_term_string}"},"query-input":{"@type":"PropertyValueSpecification","valueRequired":true,"valueName":"search_term_string"}}],"inLanguage":"pl-PL"},{"@type":"Organization","@id":"https:\/\/community.skin.club\/pl#organization","name":"SkinClub","url":"https:\/\/community.skin.club\/pl","logo":{"@type":"ImageObject","inLanguage":"pl-PL","@id":"https:\/\/community.skin.club\/pl#\/schema\/logo\/image\/","url":"https:\/\/community.skin.club\/wp-content\/uploads\/2022\/07\/logo-1-1.png","contentUrl":"https:\/\/community.skin.club\/wp-content\/uploads\/2022\/07\/logo-1-1.png","width":512,"height":490,"caption":"SkinClub"},"image":{"@id":"https:\/\/community.skin.club\/pl#\/schema\/logo\/image\/"}},{"@type":"Person","@id":"https:\/\/community.skin.club\/pl#\/schema\/person\/7c4048de3edcf50399b6c03aa0db036b","name":"Emma Moore","image":{"@type":"ImageObject","inLanguage":"pl-PL","@id":"https:\/\/community.skin.club\/wp-content\/uploads\/2025\/10\/EMMA-MOORE-01.png","url":"https:\/\/community.skin.club\/wp-content\/uploads\/2025\/10\/EMMA-MOORE-01.png","contentUrl":"https:\/\/community.skin.club\/wp-content\/uploads\/2025\/10\/EMMA-MOORE-01.png","caption":"Emma Moore"},"description":"An American journalist. She was an editor for popular newspapers and actively follows Counter-Strike matches as a viewer.","url":"https:\/\/community.skin.club\/pl\/members\/emma-moore"}]}},"_links":{"self":[{"href":"https:\/\/community.skin.club\/pl\/wp-json\/wp\/v2\/posts\/16765","targetHints":{"allow":["GET"]}}],"collection":[{"href":"https:\/\/community.skin.club\/pl\/wp-json\/wp\/v2\/posts"}],"about":[{"href":"https:\/\/community.skin.club\/pl\/wp-json\/wp\/v2\/types\/post"}],"author":[{"embeddable":true,"href":"https:\/\/community.skin.club\/pl\/wp-json\/wp\/v2\/users\/5"}],"replies":[{"embeddable":true,"href":"https:\/\/community.skin.club\/pl\/wp-json\/wp\/v2\/comments?post=16765"}],"version-history":[{"count":1,"href":"https:\/\/community.skin.club\/pl\/wp-json\/wp\/v2\/posts\/16765\/revisions"}],"predecessor-version":[{"id":16766,"href":"https:\/\/community.skin.club\/pl\/wp-json\/wp\/v2\/posts\/16765\/revisions\/16766"}],"wp:featuredmedia":[{"embeddable":true,"href":"https:\/\/community.skin.club\/pl\/wp-json\/wp\/v2\/media\/15808"}],"wp:attachment":[{"href":"https:\/\/community.skin.club\/pl\/wp-json\/wp\/v2\/media?parent=16765"}],"wp:term":[{"taxonomy":"category","embeddable":true,"href":"https:\/\/community.skin.club\/pl\/wp-json\/wp\/v2\/categories?post=16765"},{"taxonomy":"post_tag","embeddable":true,"href":"https:\/\/community.skin.club\/pl\/wp-json\/wp\/v2\/tags?post=16765"}],"curies":[{"name":"wp","href":"https:\/\/api.w.org\/{rel}","templated":true}]}}