{"id":16768,"date":"2023-07-29T14:52:57","date_gmt":"2023-07-29T14:52:57","guid":{"rendered":"https:\/\/skin.club\/community\/artigos\/buster-vai-competir-pela-cloud-9-na-iem-colonia-2023"},"modified":"2023-08-11T12:37:09","modified_gmt":"2023-08-11T12:37:09","slug":"buster-vai-competir-pela-cloud-9-na-iem-colonia-2023","status":"publish","type":"post","link":"https:\/\/community.skin.club\/pt-pt\/noticias\/buster-vai-competir-pela-cloud-9-na-iem-colonia-2023","title":{"rendered":"Buster vai competir pela Cloud 9 na IEM Col\u00f4nia 2023"},"content":{"rendered":"<h1 style=\"text-align: center;\"><span style=\"font-weight: 400;\">Buster vai competir pela Cloud 9 na IEM Col\u00f4nia 2023<\/span><\/h1>\n<p><span style=\"font-weight: 400;\">Timur \u201c<\/span><a href=\"https:\/\/www.cybersport.ru\/players\/cs-go\/busterjkee6950\"><span style=\"font-weight: 400;\">Buster<\/span><\/a><span style=\"font-weight: 400;\">\u201d Tulepov mais uma vez estar\u00e1 presente no torneio sob as cores da Cloud 9, de acordo com um comunicado feito pela organiza\u00e7\u00e3o nas redes sociais.<\/span><\/p>\n<p><span style=\"font-weight: 400;\">Buster ser\u00e1 um substituto para Ax1Le, que devido a problemas t\u00e9cnicos n\u00e3o conseguiu obter o visto para a Alemanha a tempo.<\/span><\/p>\n<p><span style=\"font-weight: 400;\">Espera-se que Buster participe do torneio durante toda a fase de grupos. E somente se a Cloud 9 avan\u00e7ar para os playoffs \u2013 ele ser\u00e1 substitu\u00eddo por Ax1Le.<\/span><\/p>\n<p>\u00a0<\/p>\n","protected":false},"excerpt":{"rendered":"<p>Buster vai competir pela Cloud 9 na IEM Col\u00f4nia 2023 Timur \u201cBuster\u201d Tulepov mais uma vez estar\u00e1 presente no torneio sob as cores da Cloud 9, de acordo com um comunicado feito pela organiza\u00e7\u00e3o nas redes sociais. Buster ser\u00e1 um substituto para Ax1Le, que devido a problemas t\u00e9cnicos n\u00e3o conseguiu obter o visto para a [&hellip;]<\/p>\n","protected":false},"author":5,"featured_media":15809,"comment_status":"open","ping_status":"open","sticky":false,"template":"","format":"standard","meta":{"_acf_changed":false,"footnotes":""},"categories":[152],"tags":[197],"class_list":["post-16768","post","type-post","status-publish","format-standard","has-post-thumbnail","hentry","category-noticias","tag-iem-cologne-2023-pt-pt"],"acf":[],"yoast_head":"<!-- This site is optimized with the Yoast SEO plugin v27.4 - https:\/\/yoast.com\/product\/yoast-seo-wordpress\/ -->\n<title>Buster vai competir pela Cloud 9 na IEM Col\u00f4nia 2023 - CS2 &amp; CS:GO Articles, News, Events | Skin.Club Community<\/title>\n<meta name=\"robots\" content=\"index, follow, max-snippet:-1, max-image-preview:large, max-video-preview:-1\" \/>\n<link rel=\"canonical\" href=\"https:\/\/community.skin.club\/pt-pt\/noticias\/buster-vai-competir-pela-cloud-9-na-iem-colonia-2023\" \/>\n<meta property=\"og:locale\" content=\"pt_PT\" \/>\n<meta property=\"og:type\" content=\"article\" \/>\n<meta property=\"og:title\" content=\"Buster vai competir pela Cloud 9 na IEM Col\u00f4nia 2023 - CS2 &amp; CS:GO Articles, News, Events | Skin.Club Community\" \/>\n<meta property=\"og:description\" content=\"Buster vai competir pela Cloud 9 na IEM Col\u00f4nia 2023 Timur \u201cBuster\u201d Tulepov mais uma vez estar\u00e1 presente no torneio sob as cores da Cloud 9, de acordo com um comunicado feito pela organiza\u00e7\u00e3o nas redes sociais. Buster ser\u00e1 um substituto para Ax1Le, que devido a problemas t\u00e9cnicos n\u00e3o conseguiu obter o visto para a [&hellip;]\" \/>\n<meta property=\"og:url\" content=\"https:\/\/community.skin.club\/pt-pt\/noticias\/buster-vai-competir-pela-cloud-9-na-iem-colonia-2023\" \/>\n<meta property=\"og:site_name\" content=\"CS2 &amp; CS:GO Articles, News, Events | Skin.Club Community\" \/>\n<meta property=\"article:published_time\" content=\"2023-07-29T14:52:57+00:00\" \/>\n<meta property=\"article:modified_time\" content=\"2023-08-11T12:37:09+00:00\" \/>\n<meta property=\"og:image\" content=\"http:\/\/community.skin.club\/wp-content\/uploads\/2023\/07\/news7.jpg\" \/>\n\t<meta property=\"og:image:width\" content=\"1920\" \/>\n\t<meta property=\"og:image:height\" content=\"1080\" \/>\n\t<meta property=\"og:image:type\" content=\"image\/jpeg\" \/>\n<meta name=\"author\" content=\"Emma Moore\" \/>\n<meta name=\"twitter:card\" content=\"summary_large_image\" \/>\n<meta name=\"twitter:label1\" content=\"Escrito por\" \/>\n\t<meta name=\"twitter:data1\" content=\"Emma Moore\" \/>\n<script type=\"application\/ld+json\" class=\"yoast-schema-graph\">{\"@context\":\"https:\\\/\\\/schema.org\",\"@graph\":[{\"@type\":\"Article\",\"@id\":\"https:\\\/\\\/community.skin.club\\\/pt-pt\\\/noticias\\\/buster-vai-competir-pela-cloud-9-na-iem-colonia-2023#article\",\"isPartOf\":{\"@id\":\"https:\\\/\\\/community.skin.club\\\/pt-pt\\\/noticias\\\/buster-vai-competir-pela-cloud-9-na-iem-colonia-2023\"},\"author\":{\"name\":\"Emma Moore\",\"@id\":\"https:\\\/\\\/community.skin.club\\\/pt-pt#\\\/schema\\\/person\\\/7c4048de3edcf50399b6c03aa0db036b\"},\"headline\":\"Buster vai competir pela Cloud 9 na IEM Col\u00f4nia 2023\",\"datePublished\":\"2023-07-29T14:52:57+00:00\",\"dateModified\":\"2023-08-11T12:37:09+00:00\",\"mainEntityOfPage\":{\"@id\":\"https:\\\/\\\/community.skin.club\\\/pt-pt\\\/noticias\\\/buster-vai-competir-pela-cloud-9-na-iem-colonia-2023\"},\"wordCount\":100,\"commentCount\":0,\"publisher\":{\"@id\":\"https:\\\/\\\/community.skin.club\\\/pt-pt#organization\"},\"image\":{\"@id\":\"https:\\\/\\\/community.skin.club\\\/pt-pt\\\/noticias\\\/buster-vai-competir-pela-cloud-9-na-iem-colonia-2023#primaryimage\"},\"thumbnailUrl\":\"https:\\\/\\\/community.skin.club\\\/wp-content\\\/uploads\\\/2023\\\/07\\\/news7.jpg\",\"keywords\":[\"IEM COLOGNE 2023\"],\"articleSection\":[\"Not\u00edcias\"],\"inLanguage\":\"pt-PT\",\"copyrightYear\":\"2023\",\"copyrightHolder\":{\"@id\":\"https:\\\/\\\/community.skin.club\\\/#organization\"}},{\"@type\":\"WebPage\",\"@id\":\"https:\\\/\\\/community.skin.club\\\/pt-pt\\\/noticias\\\/buster-vai-competir-pela-cloud-9-na-iem-colonia-2023\",\"url\":\"https:\\\/\\\/community.skin.club\\\/pt-pt\\\/noticias\\\/buster-vai-competir-pela-cloud-9-na-iem-colonia-2023\",\"name\":\"Buster vai competir pela Cloud 9 na IEM Col\u00f4nia 2023 - CS2 &amp; CS:GO Articles, News, Events | Skin.Club Community\",\"isPartOf\":{\"@id\":\"https:\\\/\\\/community.skin.club\\\/pt-pt#website\"},\"primaryImageOfPage\":{\"@id\":\"https:\\\/\\\/community.skin.club\\\/pt-pt\\\/noticias\\\/buster-vai-competir-pela-cloud-9-na-iem-colonia-2023#primaryimage\"},\"image\":{\"@id\":\"https:\\\/\\\/community.skin.club\\\/pt-pt\\\/noticias\\\/buster-vai-competir-pela-cloud-9-na-iem-colonia-2023#primaryimage\"},\"thumbnailUrl\":\"https:\\\/\\\/community.skin.club\\\/wp-content\\\/uploads\\\/2023\\\/07\\\/news7.jpg\",\"datePublished\":\"2023-07-29T14:52:57+00:00\",\"dateModified\":\"2023-08-11T12:37:09+00:00\",\"breadcrumb\":{\"@id\":\"https:\\\/\\\/community.skin.club\\\/pt-pt\\\/noticias\\\/buster-vai-competir-pela-cloud-9-na-iem-colonia-2023#breadcrumb\"},\"inLanguage\":\"pt-PT\",\"potentialAction\":[{\"@type\":\"ReadAction\",\"target\":[\"https:\\\/\\\/community.skin.club\\\/pt-pt\\\/noticias\\\/buster-vai-competir-pela-cloud-9-na-iem-colonia-2023\"]}]},{\"@type\":\"ImageObject\",\"inLanguage\":\"pt-PT\",\"@id\":\"https:\\\/\\\/community.skin.club\\\/pt-pt\\\/noticias\\\/buster-vai-competir-pela-cloud-9-na-iem-colonia-2023#primaryimage\",\"url\":\"https:\\\/\\\/community.skin.club\\\/wp-content\\\/uploads\\\/2023\\\/07\\\/news7.jpg\",\"contentUrl\":\"https:\\\/\\\/community.skin.club\\\/wp-content\\\/uploads\\\/2023\\\/07\\\/news7.jpg\",\"width\":1920,\"height\":1080,\"caption\":\"Buster will compete for Cloud 9\"},{\"@type\":\"BreadcrumbList\",\"@id\":\"https:\\\/\\\/community.skin.club\\\/pt-pt\\\/noticias\\\/buster-vai-competir-pela-cloud-9-na-iem-colonia-2023#breadcrumb\",\"itemListElement\":[{\"@type\":\"ListItem\",\"position\":1,\"name\":\"Comunidade\",\"item\":\"https:\\\/\\\/community.skin.club\\\/pt-pt\"},{\"@type\":\"ListItem\",\"position\":2,\"name\":\"Not\u00edcias\",\"item\":\"https:\\\/\\\/community.skin.club\\\/pt-pt\\\/noticias\"},{\"@type\":\"ListItem\",\"position\":3,\"name\":\"Buster vai competir pela Cloud 9 na IEM Col\u00f4nia 2023\"}]},{\"@type\":\"WebSite\",\"@id\":\"https:\\\/\\\/community.skin.club\\\/pt-pt#website\",\"url\":\"https:\\\/\\\/community.skin.club\\\/pt-pt\",\"name\":\"Skin.Club Community \u2014 CS2 News, Articles & Events\",\"description\":\"CS2 &amp; CS:GO Articles, News, Events | Skin.Club Community\",\"publisher\":{\"@id\":\"https:\\\/\\\/community.skin.club\\\/pt-pt#organization\"},\"alternateName\":\"CS2 Community\",\"potentialAction\":[{\"@type\":\"SearchAction\",\"target\":{\"@type\":\"EntryPoint\",\"urlTemplate\":\"https:\\\/\\\/community.skin.club\\\/pt-pt?s={search_term_string}\"},\"query-input\":{\"@type\":\"PropertyValueSpecification\",\"valueRequired\":true,\"valueName\":\"search_term_string\"}}],\"inLanguage\":\"pt-PT\"},{\"@type\":\"Organization\",\"@id\":\"https:\\\/\\\/community.skin.club\\\/pt-pt#organization\",\"name\":\"SkinClub\",\"url\":\"https:\\\/\\\/community.skin.club\\\/pt-pt\",\"logo\":{\"@type\":\"ImageObject\",\"inLanguage\":\"pt-PT\",\"@id\":\"https:\\\/\\\/community.skin.club\\\/pt-pt#\\\/schema\\\/logo\\\/image\\\/\",\"url\":\"https:\\\/\\\/community.skin.club\\\/wp-content\\\/uploads\\\/2022\\\/07\\\/logo-1-1.png\",\"contentUrl\":\"https:\\\/\\\/community.skin.club\\\/wp-content\\\/uploads\\\/2022\\\/07\\\/logo-1-1.png\",\"width\":512,\"height\":490,\"caption\":\"SkinClub\"},\"image\":{\"@id\":\"https:\\\/\\\/community.skin.club\\\/pt-pt#\\\/schema\\\/logo\\\/image\\\/\"}},{\"@type\":\"Person\",\"@id\":\"https:\\\/\\\/community.skin.club\\\/pt-pt#\\\/schema\\\/person\\\/7c4048de3edcf50399b6c03aa0db036b\",\"name\":\"Emma Moore\",\"image\":{\"@type\":\"ImageObject\",\"inLanguage\":\"pt-PT\",\"@id\":\"https:\\\/\\\/community.skin.club\\\/wp-content\\\/uploads\\\/2025\\\/10\\\/EMMA-MOORE-01.png\",\"url\":\"https:\\\/\\\/community.skin.club\\\/wp-content\\\/uploads\\\/2025\\\/10\\\/EMMA-MOORE-01.png\",\"contentUrl\":\"https:\\\/\\\/community.skin.club\\\/wp-content\\\/uploads\\\/2025\\\/10\\\/EMMA-MOORE-01.png\",\"caption\":\"Emma Moore\"},\"description\":\"An American journalist. She was an editor for popular newspapers and actively follows Counter-Strike matches as a viewer.\",\"url\":\"https:\\\/\\\/community.skin.club\\\/pt-pt\\\/members\\\/emma-moore\"}]}<\/script>\n<!-- \/ Yoast SEO plugin. -->","yoast_head_json":{"title":"Buster vai competir pela Cloud 9 na IEM Col\u00f4nia 2023 - CS2 &amp; CS:GO Articles, News, Events | Skin.Club Community","robots":{"index":"index","follow":"follow","max-snippet":"max-snippet:-1","max-image-preview":"max-image-preview:large","max-video-preview":"max-video-preview:-1"},"canonical":"https:\/\/community.skin.club\/pt-pt\/noticias\/buster-vai-competir-pela-cloud-9-na-iem-colonia-2023","og_locale":"pt_PT","og_type":"article","og_title":"Buster vai competir pela Cloud 9 na IEM Col\u00f4nia 2023 - CS2 &amp; CS:GO Articles, News, Events | Skin.Club Community","og_description":"Buster vai competir pela Cloud 9 na IEM Col\u00f4nia 2023 Timur \u201cBuster\u201d Tulepov mais uma vez estar\u00e1 presente no torneio sob as cores da Cloud 9, de acordo com um comunicado feito pela organiza\u00e7\u00e3o nas redes sociais. Buster ser\u00e1 um substituto para Ax1Le, que devido a problemas t\u00e9cnicos n\u00e3o conseguiu obter o visto para a [&hellip;]","og_url":"https:\/\/community.skin.club\/pt-pt\/noticias\/buster-vai-competir-pela-cloud-9-na-iem-colonia-2023","og_site_name":"CS2 &amp; CS:GO Articles, News, Events | Skin.Club Community","article_published_time":"2023-07-29T14:52:57+00:00","article_modified_time":"2023-08-11T12:37:09+00:00","og_image":[{"width":1920,"height":1080,"url":"http:\/\/community.skin.club\/wp-content\/uploads\/2023\/07\/news7.jpg","type":"image\/jpeg"}],"author":"Emma Moore","twitter_card":"summary_large_image","twitter_misc":{"Escrito por":"Emma Moore"},"schema":{"@context":"https:\/\/schema.org","@graph":[{"@type":"Article","@id":"https:\/\/community.skin.club\/pt-pt\/noticias\/buster-vai-competir-pela-cloud-9-na-iem-colonia-2023#article","isPartOf":{"@id":"https:\/\/community.skin.club\/pt-pt\/noticias\/buster-vai-competir-pela-cloud-9-na-iem-colonia-2023"},"author":{"name":"Emma Moore","@id":"https:\/\/community.skin.club\/pt-pt#\/schema\/person\/7c4048de3edcf50399b6c03aa0db036b"},"headline":"Buster vai competir pela Cloud 9 na IEM Col\u00f4nia 2023","datePublished":"2023-07-29T14:52:57+00:00","dateModified":"2023-08-11T12:37:09+00:00","mainEntityOfPage":{"@id":"https:\/\/community.skin.club\/pt-pt\/noticias\/buster-vai-competir-pela-cloud-9-na-iem-colonia-2023"},"wordCount":100,"commentCount":0,"publisher":{"@id":"https:\/\/community.skin.club\/pt-pt#organization"},"image":{"@id":"https:\/\/community.skin.club\/pt-pt\/noticias\/buster-vai-competir-pela-cloud-9-na-iem-colonia-2023#primaryimage"},"thumbnailUrl":"https:\/\/community.skin.club\/wp-content\/uploads\/2023\/07\/news7.jpg","keywords":["IEM COLOGNE 2023"],"articleSection":["Not\u00edcias"],"inLanguage":"pt-PT","copyrightYear":"2023","copyrightHolder":{"@id":"https:\/\/community.skin.club\/#organization"}},{"@type":"WebPage","@id":"https:\/\/community.skin.club\/pt-pt\/noticias\/buster-vai-competir-pela-cloud-9-na-iem-colonia-2023","url":"https:\/\/community.skin.club\/pt-pt\/noticias\/buster-vai-competir-pela-cloud-9-na-iem-colonia-2023","name":"Buster vai competir pela Cloud 9 na IEM Col\u00f4nia 2023 - CS2 &amp; CS:GO Articles, News, Events | Skin.Club Community","isPartOf":{"@id":"https:\/\/community.skin.club\/pt-pt#website"},"primaryImageOfPage":{"@id":"https:\/\/community.skin.club\/pt-pt\/noticias\/buster-vai-competir-pela-cloud-9-na-iem-colonia-2023#primaryimage"},"image":{"@id":"https:\/\/community.skin.club\/pt-pt\/noticias\/buster-vai-competir-pela-cloud-9-na-iem-colonia-2023#primaryimage"},"thumbnailUrl":"https:\/\/community.skin.club\/wp-content\/uploads\/2023\/07\/news7.jpg","datePublished":"2023-07-29T14:52:57+00:00","dateModified":"2023-08-11T12:37:09+00:00","breadcrumb":{"@id":"https:\/\/community.skin.club\/pt-pt\/noticias\/buster-vai-competir-pela-cloud-9-na-iem-colonia-2023#breadcrumb"},"inLanguage":"pt-PT","potentialAction":[{"@type":"ReadAction","target":["https:\/\/community.skin.club\/pt-pt\/noticias\/buster-vai-competir-pela-cloud-9-na-iem-colonia-2023"]}]},{"@type":"ImageObject","inLanguage":"pt-PT","@id":"https:\/\/community.skin.club\/pt-pt\/noticias\/buster-vai-competir-pela-cloud-9-na-iem-colonia-2023#primaryimage","url":"https:\/\/community.skin.club\/wp-content\/uploads\/2023\/07\/news7.jpg","contentUrl":"https:\/\/community.skin.club\/wp-content\/uploads\/2023\/07\/news7.jpg","width":1920,"height":1080,"caption":"Buster will compete for Cloud 9"},{"@type":"BreadcrumbList","@id":"https:\/\/community.skin.club\/pt-pt\/noticias\/buster-vai-competir-pela-cloud-9-na-iem-colonia-2023#breadcrumb","itemListElement":[{"@type":"ListItem","position":1,"name":"Comunidade","item":"https:\/\/community.skin.club\/pt-pt"},{"@type":"ListItem","position":2,"name":"Not\u00edcias","item":"https:\/\/community.skin.club\/pt-pt\/noticias"},{"@type":"ListItem","position":3,"name":"Buster vai competir pela Cloud 9 na IEM Col\u00f4nia 2023"}]},{"@type":"WebSite","@id":"https:\/\/community.skin.club\/pt-pt#website","url":"https:\/\/community.skin.club\/pt-pt","name":"Skin.Club Community \u2014 CS2 News, Articles & Events","description":"CS2 &amp; CS:GO Articles, News, Events | Skin.Club Community","publisher":{"@id":"https:\/\/community.skin.club\/pt-pt#organization"},"alternateName":"CS2 Community","potentialAction":[{"@type":"SearchAction","target":{"@type":"EntryPoint","urlTemplate":"https:\/\/community.skin.club\/pt-pt?s={search_term_string}"},"query-input":{"@type":"PropertyValueSpecification","valueRequired":true,"valueName":"search_term_string"}}],"inLanguage":"pt-PT"},{"@type":"Organization","@id":"https:\/\/community.skin.club\/pt-pt#organization","name":"SkinClub","url":"https:\/\/community.skin.club\/pt-pt","logo":{"@type":"ImageObject","inLanguage":"pt-PT","@id":"https:\/\/community.skin.club\/pt-pt#\/schema\/logo\/image\/","url":"https:\/\/community.skin.club\/wp-content\/uploads\/2022\/07\/logo-1-1.png","contentUrl":"https:\/\/community.skin.club\/wp-content\/uploads\/2022\/07\/logo-1-1.png","width":512,"height":490,"caption":"SkinClub"},"image":{"@id":"https:\/\/community.skin.club\/pt-pt#\/schema\/logo\/image\/"}},{"@type":"Person","@id":"https:\/\/community.skin.club\/pt-pt#\/schema\/person\/7c4048de3edcf50399b6c03aa0db036b","name":"Emma Moore","image":{"@type":"ImageObject","inLanguage":"pt-PT","@id":"https:\/\/community.skin.club\/wp-content\/uploads\/2025\/10\/EMMA-MOORE-01.png","url":"https:\/\/community.skin.club\/wp-content\/uploads\/2025\/10\/EMMA-MOORE-01.png","contentUrl":"https:\/\/community.skin.club\/wp-content\/uploads\/2025\/10\/EMMA-MOORE-01.png","caption":"Emma Moore"},"description":"An American journalist. She was an editor for popular newspapers and actively follows Counter-Strike matches as a viewer.","url":"https:\/\/community.skin.club\/pt-pt\/members\/emma-moore"}]}},"_links":{"self":[{"href":"https:\/\/community.skin.club\/pt-pt\/wp-json\/wp\/v2\/posts\/16768","targetHints":{"allow":["GET"]}}],"collection":[{"href":"https:\/\/community.skin.club\/pt-pt\/wp-json\/wp\/v2\/posts"}],"about":[{"href":"https:\/\/community.skin.club\/pt-pt\/wp-json\/wp\/v2\/types\/post"}],"author":[{"embeddable":true,"href":"https:\/\/community.skin.club\/pt-pt\/wp-json\/wp\/v2\/users\/5"}],"replies":[{"embeddable":true,"href":"https:\/\/community.skin.club\/pt-pt\/wp-json\/wp\/v2\/comments?post=16768"}],"version-history":[{"count":1,"href":"https:\/\/community.skin.club\/pt-pt\/wp-json\/wp\/v2\/posts\/16768\/revisions"}],"predecessor-version":[{"id":16769,"href":"https:\/\/community.skin.club\/pt-pt\/wp-json\/wp\/v2\/posts\/16768\/revisions\/16769"}],"wp:featuredmedia":[{"embeddable":true,"href":"https:\/\/community.skin.club\/pt-pt\/wp-json\/wp\/v2\/media\/15809"}],"wp:attachment":[{"href":"https:\/\/community.skin.club\/pt-pt\/wp-json\/wp\/v2\/media?parent=16768"}],"wp:term":[{"taxonomy":"category","embeddable":true,"href":"https:\/\/community.skin.club\/pt-pt\/wp-json\/wp\/v2\/categories?post=16768"},{"taxonomy":"post_tag","embeddable":true,"href":"https:\/\/community.skin.club\/pt-pt\/wp-json\/wp\/v2\/tags?post=16768"}],"curies":[{"name":"wp","href":"https:\/\/api.w.org\/{rel}","templated":true}]}}