{"id":370819,"date":"2026-03-14T14:35:07","date_gmt":"2026-03-14T14:35:07","guid":{"rendered":"https:\/\/community.skin.club\/makaleler\/inner-circle-sign-headtr1ck-cs2-roster-move"},"modified":"2026-03-14T14:35:07","modified_gmt":"2026-03-14T14:35:07","slug":"inner-circle-sign-headtr1ck-cs2-roster-move","status":"publish","type":"post","link":"https:\/\/community.skin.club\/tr\/haberler\/inner-circle-sign-headtr1ck-cs2-roster-move","title":{"rendered":"headtr1ck yeniden sahaya d\u00f6nd\u00fc, Inner Circle yeni kadro de\u011fi\u015fikli\u011fini a\u00e7\u0131klad\u0131"},"content":{"rendered":"<p>Ukraynal\u0131 AWPer Daniil \u201cheadtr1ck\u201d Valitov, sunucudan \u00fc\u00e7 ayl\u0131k bir uzak kald\u0131ktan sonra Inner Circle\u2019a kat\u0131ld\u0131ktan sonra resmi olarak aktif yar\u0131\u015fmaya geri d\u00f6nd\u00fc. Organizasyon, transferi sosyal medyada do\u011frulad\u0131 ve headtr1ck\u2019nin, Mart ay\u0131nda kul\u00fcbeye al\u0131nan Artem \u201cFlierax\u201d Khioara\u2019n\u0131n daha \u00f6nce yerini dolduraca\u011f\u0131n\u0131 duyurdu. <\/p>\n<h3>Bir s\u00fcre kenarda kald\u0131ktan sonra geri d\u00f6n\u00fc\u015f<\/h3>\n<p><img loading=\"lazy\" decoding=\"async\" class=\"alignnone size-full wp-image-180251\" src=\"https:\/\/community.skin.club\/wp-content\/uploads\/2025\/06\/Headtr1ck_at_IEM_Rio_2023.webp\" alt=\"\" width=\"1200\" height=\"800\" srcset=\"https:\/\/community.skin.club\/wp-content\/uploads\/2025\/06\/Headtr1ck_at_IEM_Rio_2023.webp 1200w, https:\/\/community.skin.club\/wp-content\/uploads\/2025\/06\/Headtr1ck_at_IEM_Rio_2023-300x200.webp 300w, https:\/\/community.skin.club\/wp-content\/uploads\/2025\/06\/Headtr1ck_at_IEM_Rio_2023-1024x683.webp 1024w, https:\/\/community.skin.club\/wp-content\/uploads\/2025\/06\/Headtr1ck_at_IEM_Rio_2023-768x512.webp 768w\" sizes=\"(max-width: 1200px) 100vw, 1200px\" \/><\/p>\n<p>21 ya\u015f\u0131ndaki keskin ni\u015fanc\u0131 i\u00e7in bu hamle, zorlu bir d\u00f6nemin ard\u0131ndan rekabet\u00e7i oyuna d\u00f6n\u00fc\u015f\u00fc i\u015faret ediyor. Son \u00fc\u00e7 ayda, headtr1ck Mart ba\u015f\u0131nda resmi olarak tak\u0131mdan ayr\u0131lmadan \u00f6nce B8\u2019in yedek kul\u00fcbesinde oturuyordu. Hareketsizliklere ra\u011fmen, Ukraynal\u0131 oyuncu 2025 y\u0131l\u0131nda sayg\u0131n bir rakamlar sergiledi. Y\u0131l\u0131 ortalama 1.05 puanla tamamlad\u0131, ancak performans\u0131 zamanla belirgin \u015fekilde d\u00fc\u015ft\u00fc.   <\/p>\n<ul class=\"article-list-pink\">\n<li class=\"article-list-pink__item\">Y\u0131l\u0131n ilk yar\u0131s\u0131nda 1.12 puan<\/li>\n<li class=\"article-list-pink__item\">\u0130kinci yar\u0131da 0.94 puan<\/li>\n<\/ul>\n<p>Sezonun son d\u00f6nemindeki formun d\u00fc\u015f\u00fc\u015f\u00fc, aktif kadrodan \u00e7\u0131kar\u0131lmas\u0131na neden oldu.<\/p>\n\n<div class=\"article__content grid-cards-col xl-w-100\">\n    <h3>daha fazla oku<\/h3>\n    <div class=\"grid-1 gap-12 mb-12 load-parent xl-w-100\">\n        <div class=\"type3 y-red-dif hover-card card-more\">\n        <a class=\"type3__left up-to-card hover-el\" href=\"https:\/\/community.skin.club\/en\/news\/texta-banned-dfrag-lan-fight\">\n        <div class=\"bg-bottom-abs-short\"> <\/div>\n        <picture class=\"picture object-fit-cover\">\n            <img decoding=\"async\" class=\"picture__img object-fit-cover\" src=\"https:\/\/community.skin.club\/wp-content\/uploads\/2026\/03\/Texta_at_ESL_Pro_League_S21.webp\" alt=\"Mindfreak player Texta banned for six months after LAN fight at DFRAG event\">\n        <\/picture>\n    <\/a>\n        <div class=\"type3__right main-structure p-20\">\n        <div class=\"type3__top\">\n            <a class=\"type3__title title-24 hover-el\" href=\"https:\/\/community.skin.club\/en\/news\/texta-banned-dfrag-lan-fight\">Mindfreak player Texta banned for six months after LAN fight at DFRAG event<\/a>\n            <a class=\"go-arrow hover-el\" href=\"https:\/\/community.skin.club\/en\/news\/texta-banned-dfrag-lan-fight\">\n                <div class=\"go-arrow__left go-arrow__part\">\n                    <svg class=\"icon\" width=\"24\" height=\"24\" viewBox=\"0 0 24 24\">\n                        <use xlink:href=\"https:\/\/community.skin.club\/wp-content\/themes\/skinclub-v3\/assets\/images\/sprites\/main.stack.svg?v=1777458943#image-blue-arrow\"><\/use>\n                    <\/svg>\n                <\/div>\n                <div class=\"go-arrow__center go-arrow__part\">\n                    <svg class=\"icon\" width=\"24\" height=\"24\" viewBox=\"0 0 24 24\">\n                        <use xlink:href=\"https:\/\/community.skin.club\/wp-content\/themes\/skinclub-v3\/assets\/images\/sprites\/main.stack.svg?v=1777458943#image-blue-arrow\"><\/use>\n                    <\/svg>\n                <\/div>\n                <div class=\"go-arrow__right go-arrow__part\">\n                    <svg class=\"icon\" width=\"24\" height=\"24\" viewBox=\"0 0 24 24\">\n                        <use xlink:href=\"https:\/\/community.skin.club\/wp-content\/themes\/skinclub-v3\/assets\/images\/sprites\/main.stack.svg?v=1777458943#image-blue-arrow\"><\/use>\n                    <\/svg>\n                <\/div>\n            <\/a><\/div>\n        <div class=\"type3__bottom blue-labels mt-auto\">\n            <div class=\"blue-label disabled\">Mar 14<\/div>\n            <a class=\"blue-label\" href=\"https:\/\/community.skin.club\/en\/news\">News<\/a>        <\/div>\n    <\/div>\n<\/div>    <\/div>\n<\/div>\n<h3>Inner Circle sonu\u00e7lar\u0131 iyile\u015ftirmeyi ar\u0131yor<\/h3>\n<p>Inner Circle i\u00e7in bu transfer, bir dizi hayal k\u0131r\u0131kl\u0131\u011f\u0131 yaratan playoff serisinin ard\u0131ndan performanslar\u0131n\u0131 istikrara kavu\u015fturma giri\u015fimi olabilir. Tak\u0131m, son birka\u00e7 turnuvada playofflara kalmay\u0131 ba\u015fard\u0131 ancak son d\u00f6rt turnuvas\u0131n\u0131n \u00fc\u00e7\u00fcnde ilk turda elendi. <\/p>\n<p>Headtr1ck gibi deneyimli bir AWPer eklemenin, \u00f6zellikle y\u00fcksek bask\u0131l\u0131 turlarda, g\u00fc\u00e7l\u00fc AWP etkisinin ma\u00e7lar\u0131n sonucunu belirleyebildi\u011fi d\u00f6nemde, kadroya daha fazla ate\u015f g\u00fcc\u00fc ve istikrar getirmesi bekleniyor. Duyurudan k\u0131sa bir s\u00fcre sonra headtr1ck sosyal medyada bir mesaj payla\u015ft\u0131: <\/p>\n<blockquote class=\"custom-bq\"><div class=\"custom-bq-q\"><p>\u0130\u00e7 \u00c7ember\u2019e kat\u0131lmak. Bu projeye ger\u00e7ekten g\u00fcveniyorum ve eminim her \u015fey bizim elimizde. Burada olmaktan mutluyum \u2014 bana destek olan herkese te\u015fekk\u00fcr ederim.  <\/p><\/div><\/blockquote>\n<h3>CCT 3. Sezon Avrupa Serisi 18\u2019de \u00e7\u0131k\u0131\u015f bekleniyor<\/h3>\n<p><img loading=\"lazy\" decoding=\"async\" class=\"alignnone size-full wp-image-252063\" src=\"https:\/\/community.skin.club\/wp-content\/uploads\/2025\/09\/Headtr1ck_at_BLAST_Austin_Major_2025.jpg\" alt=\"\" width=\"876\" height=\"584\" srcset=\"https:\/\/community.skin.club\/wp-content\/uploads\/2025\/09\/Headtr1ck_at_BLAST_Austin_Major_2025.jpg 876w, https:\/\/community.skin.club\/wp-content\/uploads\/2025\/09\/Headtr1ck_at_BLAST_Austin_Major_2025-300x200.jpg 300w, https:\/\/community.skin.club\/wp-content\/uploads\/2025\/09\/Headtr1ck_at_BLAST_Austin_Major_2025-768x512.jpg 768w\" sizes=\"(max-width: 876px) 100vw, 876px\" \/><\/p>\n<p>Headtr1ck\u2019nin tak\u0131m i\u00e7in ilk resmi g\u00f6r\u00fcn\u00fcm\u00fcn\u00fcn, CCT 3. Sezon Avrupa Serisi 18\u2019de ger\u00e7ekle\u015fmesi bekleniyor; burada Inner Circle do\u011frudan playoff a\u015famas\u0131na davet ald\u0131. Turnuva, g\u00fcncellenmi\u015f kadro i\u00e7in ilk ger\u00e7ek test olacak ve Ukraynal\u0131 AWPer\u2019\u0131n tak\u0131m\u0131n sistemine ne kadar h\u0131zl\u0131 entegre olabilece\u011fini g\u00f6sterecek. <\/p>\n<h3>\u0130\u00e7 \u00c7ember kadrosu<\/h3>\n<p>\u0130mzadan sonra, Inner Circle\u2019\u0131n Counter-Strike 2 kadrosu art\u0131k \u015funlardan olu\u015fmaktad\u0131r:<\/p>\n<ul class=\"article-list-pink\">\n<li class=\"article-list-pink__item\">Viktor \u201conic\u201d Babii<\/li>\n<li class=\"article-list-pink__item\">David \u201cDawy\u201d Bibik<\/li>\n<li class=\"article-list-pink__item\">Arseniy \u201ccptkurtka023\u201d Derevinskiy<\/li>\n<li class=\"article-list-pink__item\">Eduard \u201czeRRoFIX\u201d Petrovskyi<\/li>\n<li class=\"article-list-pink__item\">Daniil \u201cheadtr1ck\u201d Valitov<\/li>\n<\/ul>\n<p>Antren\u00f6r:<\/p>\n<ul class=\"article-list-pink\">\n<li class=\"article-list-pink__item\">Dmytro \u201cjR\u201d Chervak<\/li>\n<\/ul>\n\n<div class=\"article__content grid-cards-col xl-w-100\">\n    <h3>daha fazla oku<\/h3>\n    <div class=\"grid-1 gap-12 mb-12 load-parent xl-w-100\">\n        <div class=\"type3 y-red-dif hover-card card-more\">\n        <a class=\"type3__left up-to-card hover-el\" href=\"https:\/\/community.skin.club\/en\/news\/cs2-blackbook-gloves-ohnepixel-reaction\">\n        <div class=\"bg-bottom-abs-short\"> <\/div>\n        <picture class=\"picture object-fit-cover\">\n            <img decoding=\"async\" class=\"picture__img object-fit-cover\" src=\"https:\/\/community.skin.club\/wp-content\/uploads\/2026\/03\/PHOTO-02-7.webp\" alt=\"CS2 Blackbook gloves go viral after ohnePixel discovers &#8220;double d*ck&#8221; pattern\">\n        <\/picture>\n    <\/a>\n        <div class=\"type3__right main-structure p-20\">\n        <div class=\"type3__top\">\n            <a class=\"type3__title title-24 hover-el\" href=\"https:\/\/community.skin.club\/en\/news\/cs2-blackbook-gloves-ohnepixel-reaction\">CS2 Blackbook gloves go viral after ohnePixel discovers &#8220;double d*ck&#8221; pattern<\/a>\n            <a class=\"go-arrow hover-el\" href=\"https:\/\/community.skin.club\/en\/news\/cs2-blackbook-gloves-ohnepixel-reaction\">\n                <div class=\"go-arrow__left go-arrow__part\">\n                    <svg class=\"icon\" width=\"24\" height=\"24\" viewBox=\"0 0 24 24\">\n                        <use xlink:href=\"https:\/\/community.skin.club\/wp-content\/themes\/skinclub-v3\/assets\/images\/sprites\/main.stack.svg?v=1777458943#image-blue-arrow\"><\/use>\n                    <\/svg>\n                <\/div>\n                <div class=\"go-arrow__center go-arrow__part\">\n                    <svg class=\"icon\" width=\"24\" height=\"24\" viewBox=\"0 0 24 24\">\n                        <use xlink:href=\"https:\/\/community.skin.club\/wp-content\/themes\/skinclub-v3\/assets\/images\/sprites\/main.stack.svg?v=1777458943#image-blue-arrow\"><\/use>\n                    <\/svg>\n                <\/div>\n                <div class=\"go-arrow__right go-arrow__part\">\n                    <svg class=\"icon\" width=\"24\" height=\"24\" viewBox=\"0 0 24 24\">\n                        <use xlink:href=\"https:\/\/community.skin.club\/wp-content\/themes\/skinclub-v3\/assets\/images\/sprites\/main.stack.svg?v=1777458943#image-blue-arrow\"><\/use>\n                    <\/svg>\n                <\/div>\n            <\/a><\/div>\n        <div class=\"type3__bottom blue-labels mt-auto\">\n            <div class=\"blue-label disabled\">Mar 14<\/div>\n            <a class=\"blue-label\" href=\"https:\/\/community.skin.club\/en\/news\">News<\/a>        <\/div>\n    <\/div>\n<\/div>    <\/div>\n<\/div>\n<h3>Headtr1ck i\u00e7in yeni bir f\u0131rsat<\/h3>\n<p>Bu hamle, headtr1ck i\u00e7in kariyer yoluna yeniden ba\u015flama f\u0131rsat\u0131n\u0131 temsil ediyor. Sadece 21 ya\u015f\u0131nda olmas\u0131na ra\u011fmen, h\u00e2l\u00e2 en umut vadeden Ukraynal\u0131 AWP oyuncular\u0131ndan biri olmaya devam ediyor ve Inner Circle ile g\u00fc\u00e7l\u00fc performanslar\u0131 uluslararas\u0131 Counter-Strike sahnesinde kendini yeniden tesis etmesine yard\u0131mc\u0131 olabilir. <\/p>\n","protected":false},"excerpt":{"rendered":"<p>Ukraynal\u0131 AWPer Daniil \u201cheadtr1ck\u201d Valitov, sunucudan \u00fc\u00e7 ayl\u0131k bir uzak kald\u0131ktan sonra Inner Circle\u2019a kat\u0131ld\u0131ktan sonra resmi olarak aktif yar\u0131\u015fmaya geri d\u00f6nd\u00fc. Organizasyon, transferi sosyal medyada do\u011frulad\u0131 ve headtr1ck\u2019nin, Mart ay\u0131nda kul\u00fcbeye al\u0131nan Artem \u201cFlierax\u201d Khioara\u2019n\u0131n daha \u00f6nce yerini dolduraca\u011f\u0131n\u0131 duyurdu. Bir s\u00fcre kenarda kald\u0131ktan sonra geri d\u00f6n\u00fc\u015f 21 ya\u015f\u0131ndaki keskin ni\u015fanc\u0131 i\u00e7in bu hamle, [&hellip;]<\/p>\n","protected":false},"author":34,"featured_media":370738,"comment_status":"closed","ping_status":"closed","sticky":false,"template":"","format":"standard","meta":{"_acf_changed":false,"footnotes":""},"categories":[155],"tags":[2511,2510],"class_list":["post-370819","post","type-post","status-publish","format-standard","has-post-thumbnail","hentry","category-haberler","tag-headtr1ck","tag-ic-cember"],"acf":[],"yoast_head":"<!-- This site is optimized with the Yoast SEO plugin v27.4 - https:\/\/yoast.com\/product\/yoast-seo-wordpress\/ -->\n<title>Inner Circle, Ukraynal\u0131 AWPer oyuncusu olarak tekrar oyuna d\u00f6nerken Inner Circle imzas\u0131 ald\u0131<\/title>\n<meta name=\"description\" content=\"\u0130\u00e7 \u00c7ember, \u00fc\u00e7 ay aktif olmadan sonra Ukraynal\u0131 AWPer ba\u015f\u0131yla s\u00f6zle\u015fme imzalad\u0131. CCT 3. Sezon Avrupa&#039;da ilk kez sahneye \u00e7\u0131kmas\u0131 bekleniyor.\" \/>\n<meta name=\"robots\" content=\"index, follow, max-snippet:-1, max-image-preview:large, max-video-preview:-1\" \/>\n<link rel=\"canonical\" href=\"https:\/\/community.skin.club\/tr\/haberler\/inner-circle-sign-headtr1ck-cs2-roster-move\" \/>\n<meta property=\"og:locale\" content=\"tr_TR\" \/>\n<meta property=\"og:type\" content=\"article\" \/>\n<meta property=\"og:title\" content=\"Inner Circle, Ukraynal\u0131 AWPer oyuncusu olarak tekrar oyuna d\u00f6nerken Inner Circle imzas\u0131 ald\u0131\" \/>\n<meta property=\"og:description\" content=\"\u0130\u00e7 \u00c7ember, \u00fc\u00e7 ay aktif olmadan sonra Ukraynal\u0131 AWPer ba\u015f\u0131yla s\u00f6zle\u015fme imzalad\u0131. CCT 3. Sezon Avrupa&#039;da ilk kez sahneye \u00e7\u0131kmas\u0131 bekleniyor.\" \/>\n<meta property=\"og:url\" content=\"https:\/\/community.skin.club\/tr\/haberler\/inner-circle-sign-headtr1ck-cs2-roster-move\" \/>\n<meta property=\"og:site_name\" content=\"CS2 &amp; CS:GO Articles, News, Events | Skin.Club Community\" \/>\n<meta property=\"article:published_time\" content=\"2026-03-14T14:35:07+00:00\" \/>\n<meta property=\"og:image\" content=\"http:\/\/community.skin.club\/wp-content\/uploads\/2026\/03\/PHOTO-02-1-4.webp\" \/>\n\t<meta property=\"og:image:width\" content=\"1280\" \/>\n\t<meta property=\"og:image:height\" content=\"720\" \/>\n\t<meta property=\"og:image:type\" content=\"image\/webp\" \/>\n<meta name=\"author\" content=\"magic\" \/>\n<meta name=\"twitter:card\" content=\"summary_large_image\" \/>\n<meta name=\"twitter:label1\" content=\"Yazan:\" \/>\n\t<meta name=\"twitter:data1\" content=\"magic\" \/>\n\t<meta name=\"twitter:label2\" content=\"Tahmini okuma s\u00fcresi\" \/>\n\t<meta name=\"twitter:data2\" content=\"2 dakika\" \/>\n<script type=\"application\/ld+json\" class=\"yoast-schema-graph\">{\"@context\":\"https:\\\/\\\/schema.org\",\"@graph\":[{\"@type\":\"Article\",\"@id\":\"https:\\\/\\\/community.skin.club\\\/tr\\\/haberler\\\/inner-circle-sign-headtr1ck-cs2-roster-move#article\",\"isPartOf\":{\"@id\":\"https:\\\/\\\/community.skin.club\\\/tr\\\/haberler\\\/inner-circle-sign-headtr1ck-cs2-roster-move\"},\"author\":{\"name\":\"magic\",\"@id\":\"https:\\\/\\\/community.skin.club\\\/tr#\\\/schema\\\/person\\\/f557fddfc7400fe311b594ed77688366\"},\"headline\":\"headtr1ck yeniden sahaya d\u00f6nd\u00fc, Inner Circle yeni kadro de\u011fi\u015fikli\u011fini a\u00e7\u0131klad\u0131\",\"datePublished\":\"2026-03-14T14:35:07+00:00\",\"mainEntityOfPage\":{\"@id\":\"https:\\\/\\\/community.skin.club\\\/tr\\\/haberler\\\/inner-circle-sign-headtr1ck-cs2-roster-move\"},\"wordCount\":506,\"publisher\":{\"@id\":\"https:\\\/\\\/community.skin.club\\\/tr#organization\"},\"image\":{\"@id\":\"https:\\\/\\\/community.skin.club\\\/tr\\\/haberler\\\/inner-circle-sign-headtr1ck-cs2-roster-move#primaryimage\"},\"thumbnailUrl\":\"https:\\\/\\\/community.skin.club\\\/wp-content\\\/uploads\\\/2026\\\/03\\\/PHOTO-02-1-4.webp\",\"keywords\":[\"headtr1ck\",\"\u0130\u00e7 \u00c7ember\"],\"articleSection\":[\"Haberler\"],\"inLanguage\":\"tr\",\"copyrightYear\":\"2026\",\"copyrightHolder\":{\"@id\":\"https:\\\/\\\/community.skin.club\\\/#organization\"},\"dateModified\":\"2026-03-14T14:35:07+00:00\"},{\"@type\":\"WebPage\",\"@id\":\"https:\\\/\\\/community.skin.club\\\/tr\\\/haberler\\\/inner-circle-sign-headtr1ck-cs2-roster-move\",\"url\":\"https:\\\/\\\/community.skin.club\\\/tr\\\/haberler\\\/inner-circle-sign-headtr1ck-cs2-roster-move\",\"name\":\"Inner Circle, Ukraynal\u0131 AWPer oyuncusu olarak tekrar oyuna d\u00f6nerken Inner Circle imzas\u0131 ald\u0131\",\"isPartOf\":{\"@id\":\"https:\\\/\\\/community.skin.club\\\/tr#website\"},\"primaryImageOfPage\":{\"@id\":\"https:\\\/\\\/community.skin.club\\\/tr\\\/haberler\\\/inner-circle-sign-headtr1ck-cs2-roster-move#primaryimage\"},\"image\":{\"@id\":\"https:\\\/\\\/community.skin.club\\\/tr\\\/haberler\\\/inner-circle-sign-headtr1ck-cs2-roster-move#primaryimage\"},\"thumbnailUrl\":\"https:\\\/\\\/community.skin.club\\\/wp-content\\\/uploads\\\/2026\\\/03\\\/PHOTO-02-1-4.webp\",\"datePublished\":\"2026-03-14T14:35:07+00:00\",\"description\":\"\u0130\u00e7 \u00c7ember, \u00fc\u00e7 ay aktif olmadan sonra Ukraynal\u0131 AWPer ba\u015f\u0131yla s\u00f6zle\u015fme imzalad\u0131. CCT 3. Sezon Avrupa'da ilk kez sahneye \u00e7\u0131kmas\u0131 bekleniyor.\",\"breadcrumb\":{\"@id\":\"https:\\\/\\\/community.skin.club\\\/tr\\\/haberler\\\/inner-circle-sign-headtr1ck-cs2-roster-move#breadcrumb\"},\"inLanguage\":\"tr\",\"potentialAction\":[{\"@type\":\"ReadAction\",\"target\":[\"https:\\\/\\\/community.skin.club\\\/tr\\\/haberler\\\/inner-circle-sign-headtr1ck-cs2-roster-move\"]}],\"dateModified\":\"2026-03-14T14:35:07+00:00\"},{\"@type\":\"ImageObject\",\"inLanguage\":\"tr\",\"@id\":\"https:\\\/\\\/community.skin.club\\\/tr\\\/haberler\\\/inner-circle-sign-headtr1ck-cs2-roster-move#primaryimage\",\"url\":\"https:\\\/\\\/community.skin.club\\\/wp-content\\\/uploads\\\/2026\\\/03\\\/PHOTO-02-1-4.webp\",\"contentUrl\":\"https:\\\/\\\/community.skin.club\\\/wp-content\\\/uploads\\\/2026\\\/03\\\/PHOTO-02-1-4.webp\",\"width\":1280,\"height\":720},{\"@type\":\"BreadcrumbList\",\"@id\":\"https:\\\/\\\/community.skin.club\\\/tr\\\/haberler\\\/inner-circle-sign-headtr1ck-cs2-roster-move#breadcrumb\",\"itemListElement\":[{\"@type\":\"ListItem\",\"position\":1,\"name\":\"Topluluk\",\"item\":\"https:\\\/\\\/community.skin.club\\\/tr\"},{\"@type\":\"ListItem\",\"position\":2,\"name\":\"Haberler\",\"item\":\"https:\\\/\\\/community.skin.club\\\/tr\\\/haberler\"},{\"@type\":\"ListItem\",\"position\":3,\"name\":\"headtr1ck yeniden sahaya d\u00f6nd\u00fc, Inner Circle yeni kadro de\u011fi\u015fikli\u011fini a\u00e7\u0131klad\u0131\"}]},{\"@type\":\"WebSite\",\"@id\":\"https:\\\/\\\/community.skin.club\\\/tr#website\",\"url\":\"https:\\\/\\\/community.skin.club\\\/tr\",\"name\":\"Skin.Club Community \u2014 CS2 News, Articles & Events\",\"description\":\"CS2 &amp; CS:GO Articles, News, Events | Skin.Club Community\",\"publisher\":{\"@id\":\"https:\\\/\\\/community.skin.club\\\/tr#organization\"},\"alternateName\":\"CS2 Community\",\"potentialAction\":[{\"@type\":\"SearchAction\",\"target\":{\"@type\":\"EntryPoint\",\"urlTemplate\":\"https:\\\/\\\/community.skin.club\\\/tr?s={search_term_string}\"},\"query-input\":{\"@type\":\"PropertyValueSpecification\",\"valueRequired\":true,\"valueName\":\"search_term_string\"}}],\"inLanguage\":\"tr\"},{\"@type\":\"Organization\",\"@id\":\"https:\\\/\\\/community.skin.club\\\/tr#organization\",\"name\":\"SkinClub\",\"url\":\"https:\\\/\\\/community.skin.club\\\/tr\",\"logo\":{\"@type\":\"ImageObject\",\"inLanguage\":\"tr\",\"@id\":\"https:\\\/\\\/community.skin.club\\\/tr#\\\/schema\\\/logo\\\/image\\\/\",\"url\":\"https:\\\/\\\/community.skin.club\\\/wp-content\\\/uploads\\\/2022\\\/07\\\/logo-1-1.png\",\"contentUrl\":\"https:\\\/\\\/community.skin.club\\\/wp-content\\\/uploads\\\/2022\\\/07\\\/logo-1-1.png\",\"width\":512,\"height\":490,\"caption\":\"SkinClub\"},\"image\":{\"@id\":\"https:\\\/\\\/community.skin.club\\\/tr#\\\/schema\\\/logo\\\/image\\\/\"}},{\"@type\":\"Person\",\"@id\":\"https:\\\/\\\/community.skin.club\\\/tr#\\\/schema\\\/person\\\/f557fddfc7400fe311b594ed77688366\",\"name\":\"magic\",\"image\":{\"@type\":\"ImageObject\",\"inLanguage\":\"tr\",\"@id\":\"https:\\\/\\\/community.skin.club\\\/wp-content\\\/uploads\\\/2025\\\/10\\\/MAGIC-01.png\",\"url\":\"https:\\\/\\\/community.skin.club\\\/wp-content\\\/uploads\\\/2025\\\/10\\\/MAGIC-01.png\",\"contentUrl\":\"https:\\\/\\\/community.skin.club\\\/wp-content\\\/uploads\\\/2025\\\/10\\\/MAGIC-01.png\",\"caption\":\"magic\"},\"url\":\"https:\\\/\\\/community.skin.club\\\/tr\\\/members\\\/magic\"}]}<\/script>\n<!-- \/ Yoast SEO plugin. -->","yoast_head_json":{"title":"Inner Circle, Ukraynal\u0131 AWPer oyuncusu olarak tekrar oyuna d\u00f6nerken Inner Circle imzas\u0131 ald\u0131","description":"\u0130\u00e7 \u00c7ember, \u00fc\u00e7 ay aktif olmadan sonra Ukraynal\u0131 AWPer ba\u015f\u0131yla s\u00f6zle\u015fme imzalad\u0131. CCT 3. Sezon Avrupa'da ilk kez sahneye \u00e7\u0131kmas\u0131 bekleniyor.","robots":{"index":"index","follow":"follow","max-snippet":"max-snippet:-1","max-image-preview":"max-image-preview:large","max-video-preview":"max-video-preview:-1"},"canonical":"https:\/\/community.skin.club\/tr\/haberler\/inner-circle-sign-headtr1ck-cs2-roster-move","og_locale":"tr_TR","og_type":"article","og_title":"Inner Circle, Ukraynal\u0131 AWPer oyuncusu olarak tekrar oyuna d\u00f6nerken Inner Circle imzas\u0131 ald\u0131","og_description":"\u0130\u00e7 \u00c7ember, \u00fc\u00e7 ay aktif olmadan sonra Ukraynal\u0131 AWPer ba\u015f\u0131yla s\u00f6zle\u015fme imzalad\u0131. CCT 3. Sezon Avrupa'da ilk kez sahneye \u00e7\u0131kmas\u0131 bekleniyor.","og_url":"https:\/\/community.skin.club\/tr\/haberler\/inner-circle-sign-headtr1ck-cs2-roster-move","og_site_name":"CS2 &amp; CS:GO Articles, News, Events | Skin.Club Community","article_published_time":"2026-03-14T14:35:07+00:00","og_image":[{"width":1280,"height":720,"url":"http:\/\/community.skin.club\/wp-content\/uploads\/2026\/03\/PHOTO-02-1-4.webp","type":"image\/webp"}],"author":"magic","twitter_card":"summary_large_image","twitter_misc":{"Yazan:":"magic","Tahmini okuma s\u00fcresi":"2 dakika"},"schema":{"@context":"https:\/\/schema.org","@graph":[{"@type":"Article","@id":"https:\/\/community.skin.club\/tr\/haberler\/inner-circle-sign-headtr1ck-cs2-roster-move#article","isPartOf":{"@id":"https:\/\/community.skin.club\/tr\/haberler\/inner-circle-sign-headtr1ck-cs2-roster-move"},"author":{"name":"magic","@id":"https:\/\/community.skin.club\/tr#\/schema\/person\/f557fddfc7400fe311b594ed77688366"},"headline":"headtr1ck yeniden sahaya d\u00f6nd\u00fc, Inner Circle yeni kadro de\u011fi\u015fikli\u011fini a\u00e7\u0131klad\u0131","datePublished":"2026-03-14T14:35:07+00:00","mainEntityOfPage":{"@id":"https:\/\/community.skin.club\/tr\/haberler\/inner-circle-sign-headtr1ck-cs2-roster-move"},"wordCount":506,"publisher":{"@id":"https:\/\/community.skin.club\/tr#organization"},"image":{"@id":"https:\/\/community.skin.club\/tr\/haberler\/inner-circle-sign-headtr1ck-cs2-roster-move#primaryimage"},"thumbnailUrl":"https:\/\/community.skin.club\/wp-content\/uploads\/2026\/03\/PHOTO-02-1-4.webp","keywords":["headtr1ck","\u0130\u00e7 \u00c7ember"],"articleSection":["Haberler"],"inLanguage":"tr","copyrightYear":"2026","copyrightHolder":{"@id":"https:\/\/community.skin.club\/#organization"},"dateModified":"2026-03-14T14:35:07+00:00"},{"@type":"WebPage","@id":"https:\/\/community.skin.club\/tr\/haberler\/inner-circle-sign-headtr1ck-cs2-roster-move","url":"https:\/\/community.skin.club\/tr\/haberler\/inner-circle-sign-headtr1ck-cs2-roster-move","name":"Inner Circle, Ukraynal\u0131 AWPer oyuncusu olarak tekrar oyuna d\u00f6nerken Inner Circle imzas\u0131 ald\u0131","isPartOf":{"@id":"https:\/\/community.skin.club\/tr#website"},"primaryImageOfPage":{"@id":"https:\/\/community.skin.club\/tr\/haberler\/inner-circle-sign-headtr1ck-cs2-roster-move#primaryimage"},"image":{"@id":"https:\/\/community.skin.club\/tr\/haberler\/inner-circle-sign-headtr1ck-cs2-roster-move#primaryimage"},"thumbnailUrl":"https:\/\/community.skin.club\/wp-content\/uploads\/2026\/03\/PHOTO-02-1-4.webp","datePublished":"2026-03-14T14:35:07+00:00","description":"\u0130\u00e7 \u00c7ember, \u00fc\u00e7 ay aktif olmadan sonra Ukraynal\u0131 AWPer ba\u015f\u0131yla s\u00f6zle\u015fme imzalad\u0131. CCT 3. Sezon Avrupa'da ilk kez sahneye \u00e7\u0131kmas\u0131 bekleniyor.","breadcrumb":{"@id":"https:\/\/community.skin.club\/tr\/haberler\/inner-circle-sign-headtr1ck-cs2-roster-move#breadcrumb"},"inLanguage":"tr","potentialAction":[{"@type":"ReadAction","target":["https:\/\/community.skin.club\/tr\/haberler\/inner-circle-sign-headtr1ck-cs2-roster-move"]}],"dateModified":"2026-03-14T14:35:07+00:00"},{"@type":"ImageObject","inLanguage":"tr","@id":"https:\/\/community.skin.club\/tr\/haberler\/inner-circle-sign-headtr1ck-cs2-roster-move#primaryimage","url":"https:\/\/community.skin.club\/wp-content\/uploads\/2026\/03\/PHOTO-02-1-4.webp","contentUrl":"https:\/\/community.skin.club\/wp-content\/uploads\/2026\/03\/PHOTO-02-1-4.webp","width":1280,"height":720},{"@type":"BreadcrumbList","@id":"https:\/\/community.skin.club\/tr\/haberler\/inner-circle-sign-headtr1ck-cs2-roster-move#breadcrumb","itemListElement":[{"@type":"ListItem","position":1,"name":"Topluluk","item":"https:\/\/community.skin.club\/tr"},{"@type":"ListItem","position":2,"name":"Haberler","item":"https:\/\/community.skin.club\/tr\/haberler"},{"@type":"ListItem","position":3,"name":"headtr1ck yeniden sahaya d\u00f6nd\u00fc, Inner Circle yeni kadro de\u011fi\u015fikli\u011fini a\u00e7\u0131klad\u0131"}]},{"@type":"WebSite","@id":"https:\/\/community.skin.club\/tr#website","url":"https:\/\/community.skin.club\/tr","name":"Skin.Club Community \u2014 CS2 News, Articles & Events","description":"CS2 &amp; CS:GO Articles, News, Events | Skin.Club Community","publisher":{"@id":"https:\/\/community.skin.club\/tr#organization"},"alternateName":"CS2 Community","potentialAction":[{"@type":"SearchAction","target":{"@type":"EntryPoint","urlTemplate":"https:\/\/community.skin.club\/tr?s={search_term_string}"},"query-input":{"@type":"PropertyValueSpecification","valueRequired":true,"valueName":"search_term_string"}}],"inLanguage":"tr"},{"@type":"Organization","@id":"https:\/\/community.skin.club\/tr#organization","name":"SkinClub","url":"https:\/\/community.skin.club\/tr","logo":{"@type":"ImageObject","inLanguage":"tr","@id":"https:\/\/community.skin.club\/tr#\/schema\/logo\/image\/","url":"https:\/\/community.skin.club\/wp-content\/uploads\/2022\/07\/logo-1-1.png","contentUrl":"https:\/\/community.skin.club\/wp-content\/uploads\/2022\/07\/logo-1-1.png","width":512,"height":490,"caption":"SkinClub"},"image":{"@id":"https:\/\/community.skin.club\/tr#\/schema\/logo\/image\/"}},{"@type":"Person","@id":"https:\/\/community.skin.club\/tr#\/schema\/person\/f557fddfc7400fe311b594ed77688366","name":"magic","image":{"@type":"ImageObject","inLanguage":"tr","@id":"https:\/\/community.skin.club\/wp-content\/uploads\/2025\/10\/MAGIC-01.png","url":"https:\/\/community.skin.club\/wp-content\/uploads\/2025\/10\/MAGIC-01.png","contentUrl":"https:\/\/community.skin.club\/wp-content\/uploads\/2025\/10\/MAGIC-01.png","caption":"magic"},"url":"https:\/\/community.skin.club\/tr\/members\/magic"}]}},"_links":{"self":[{"href":"https:\/\/community.skin.club\/tr\/wp-json\/wp\/v2\/posts\/370819","targetHints":{"allow":["GET"]}}],"collection":[{"href":"https:\/\/community.skin.club\/tr\/wp-json\/wp\/v2\/posts"}],"about":[{"href":"https:\/\/community.skin.club\/tr\/wp-json\/wp\/v2\/types\/post"}],"author":[{"embeddable":true,"href":"https:\/\/community.skin.club\/tr\/wp-json\/wp\/v2\/users\/34"}],"replies":[{"embeddable":true,"href":"https:\/\/community.skin.club\/tr\/wp-json\/wp\/v2\/comments?post=370819"}],"version-history":[{"count":0,"href":"https:\/\/community.skin.club\/tr\/wp-json\/wp\/v2\/posts\/370819\/revisions"}],"wp:featuredmedia":[{"embeddable":true,"href":"https:\/\/community.skin.club\/tr\/wp-json\/wp\/v2\/media\/370738"}],"wp:attachment":[{"href":"https:\/\/community.skin.club\/tr\/wp-json\/wp\/v2\/media?parent=370819"}],"wp:term":[{"taxonomy":"category","embeddable":true,"href":"https:\/\/community.skin.club\/tr\/wp-json\/wp\/v2\/categories?post=370819"},{"taxonomy":"post_tag","embeddable":true,"href":"https:\/\/community.skin.club\/tr\/wp-json\/wp\/v2\/tags?post=370819"}],"curies":[{"name":"wp","href":"https:\/\/api.w.org\/{rel}","templated":true}]}}